{"id":24433,"date":"2026-02-13T11:53:57","date_gmt":"2026-02-13T09:53:57","guid":{"rendered":"https:\/\/www.mk-journal.de\/?p=24433"},"modified":"2026-02-13T11:53:57","modified_gmt":"2026-02-13T09:53:57","slug":"karnevalisten-stuermen-das-iserlohner-parktheater","status":"publish","type":"post","link":"https:\/\/www.mk-journal.de\/index.php\/2026\/02\/13\/karnevalisten-stuermen-das-iserlohner-parktheater\/","title":{"rendered":"Karnevalisten st\u00fcrmen das Iserlohner Parktheater"},"content":{"rendered":"<h4>B\u00fcrgermeister Michael Joithe \u00fcbergab goldenen Amtsschl\u00fcssel an die Narren<\/h4>\n<p>(PSI). P\u00fcnktlich um 11.11 Uhr st\u00fcrmten die Karnevalisten der Hennener Kolpingsfamilie auch in diesem Jahr wieder an Weiberfastnacht mit Konfettiregen, blau-wei\u00dfen Funkenmariechen und basslastigen Beats das Parktheater Iserlohn auf der Alexanderh\u00f6he und forderten B\u00fcrgermeister Michael Joithe auf, die Amtsgesch\u00e4fte f\u00fcr die n\u00e4rrische Zeit in ihre H\u00e4nde zu legen.<\/p>\n<p><strong>&#8222;Kopf hoch!&#8220;<\/strong><\/p>\n<p>Die Kost\u00fcme in diesem Jahr waren besonders bunt und glitzernd, teils quietschig und schrill, teils sogar mit Lichteffekten \u2013 nichts von der Stange also. Ebenso die Rede des Sitzungspr\u00e4sidenten Benedikt Lowinski, die er aus einer waldgr\u00fcnen, urigen Iserlohner Speisekarte vor der \u201eNarrenschar\u201c ablas. Neben Kritik und schelmischen Bemerkungen hatte er dieses Mal auch aufmunternde Worte dabei: \u201eWir sind hier, um \u201aKopf hoch!\u2018 zu sagen\u201c, rief er und \u00fcberreichte dem B\u00fcrgermeister als Leihgabe den Schl\u00fcssel zum Festzelt der Karnevalsgesellschaft. Michael Joithe revanchierte sich in Reimform und sprach neben den Dauerthemen der Stadt wie Haushalt und Schillerplatz auch die Erfolge in Hennen wie den Bau der Zweifachsporthalle und die geplante Errichtung des Lehrschwimmbeckens an.<\/p>\n<p><strong>Ralf II. und Heike II. regieren<\/strong><\/p>\n<p>Als das Prinzenpaar schlie\u00dflich das Wort ergriff, war es so weit: Der Erste B\u00fcrger der Stadt musste den goldenen Amtsschl\u00fcssel an Ralf II. und Heike II. herausr\u00fccken. Und dann hie\u00df es schnipp, schnapp, Krawatte ab \u2013 als die Prinzessin dem B\u00fcrgermeister an den Kragen ging und den Schlipps im 90er-Jahre-Schick mit ihrer Schere ein St\u00fcck k\u00fcrzer machte.<\/p>\n<p><strong>Jecke Tage eingel\u00e4utet<\/strong><\/p>\n<p>Traditionell sind damit bis Aschermittwoch die jecken Tage in Iserlohn eingel\u00e4utet. Mit viel \u201eMilupa-Miau\u201c und einem kr\u00e4ftigen \u201eHelle f\u00fcr lau. Steh\u2018 auf, mach\u2018 laut\u201c wurde die Gute-Laune-Musik aufgedreht und es folgten Tanzdarbietungen der Tanzm\u00e4use, der Kinder- und Jugendgarde sowie geselliges Beisammensein bei Getr\u00e4nken, Salzbrezeln und K\u00e4sestangen.<\/p>\n<p><strong>&#8222;Rathaus-Sturm&#8220; ins Parktheater verlegt<\/strong><\/p>\n<p>Zuletzt wurde das Rathaus 2019 durch die Hennener Karnevalisten gest\u00fcrmt, die Brandschutzvorgaben lassen dies jedoch nicht mehr zu, zumal das Amtsgeb\u00e4ude am Schillerplatz inzwischen fast komplett leergezogenen ist. Um den N\u00e4rrinnen und Narren die Feierlichkeiten nach den Einschr\u00e4nkungen der durch die Pandemie gepr\u00e4gten Jahre wieder erm\u00f6glichen zu k\u00f6nnen, wurde der \u201eRathaus-Sturm\u201c 2023 ins Parktheater verlegt und fand nun zum vierten Mal dort statt.<\/p>\n","protected":false},"excerpt":{"rendered":"<p>B\u00fcrgermeister Michael Joithe \u00fcbergab goldenen Amtsschl\u00fcssel an die Narren (PSI).  [&#8230;]<\/p>\n","protected":false},"author":3,"featured_media":24434,"comment_status":"closed","ping_status":"closed","sticky":false,"template":"","format":"standard","meta":{"two_page_speed":[],"footnotes":""},"categories":[10],"tags":[],"class_list":["post-24433","post","type-post","status-publish","format-standard","has-post-thumbnail","hentry","category-staedte-und-gemeinden"],"_links":{"self":[{"href":"https:\/\/www.mk-journal.de\/index.php\/wp-json\/wp\/v2\/posts\/24433","targetHints":{"allow":["GET"]}}],"collection":[{"href":"https:\/\/www.mk-journal.de\/index.php\/wp-json\/wp\/v2\/posts"}],"about":[{"href":"https:\/\/www.mk-journal.de\/index.php\/wp-json\/wp\/v2\/types\/post"}],"author":[{"embeddable":true,"href":"https:\/\/www.mk-journal.de\/index.php\/wp-json\/wp\/v2\/users\/3"}],"replies":[{"embeddable":true,"href":"https:\/\/www.mk-journal.de\/index.php\/wp-json\/wp\/v2\/comments?post=24433"}],"version-history":[{"count":1,"href":"https:\/\/www.mk-journal.de\/index.php\/wp-json\/wp\/v2\/posts\/24433\/revisions"}],"predecessor-version":[{"id":24435,"href":"https:\/\/www.mk-journal.de\/index.php\/wp-json\/wp\/v2\/posts\/24433\/revisions\/24435"}],"wp:featuredmedia":[{"embeddable":true,"href":"https:\/\/www.mk-journal.de\/index.php\/wp-json\/wp\/v2\/media\/24434"}],"wp:attachment":[{"href":"https:\/\/www.mk-journal.de\/index.php\/wp-json\/wp\/v2\/media?parent=24433"}],"wp:term":[{"taxonomy":"category","embeddable":true,"href":"https:\/\/www.mk-journal.de\/index.php\/wp-json\/wp\/v2\/categories?post=24433"},{"taxonomy":"post_tag","embeddable":true,"href":"https:\/\/www.mk-journal.de\/index.php\/wp-json\/wp\/v2\/tags?post=24433"}],"curies":[{"name":"wp","href":"https:\/\/api.w.org\/{rel}","templated":true}]}}