{"id":24466,"date":"2026-02-15T15:16:47","date_gmt":"2026-02-15T13:16:47","guid":{"rendered":"https:\/\/www.mk-journal.de\/?p=24466"},"modified":"2026-02-15T15:16:47","modified_gmt":"2026-02-15T13:16:47","slug":"ein-hauch-von-roosters-bei-olympia","status":"publish","type":"post","link":"https:\/\/www.mk-journal.de\/index.php\/2026\/02\/15\/ein-hauch-von-roosters-bei-olympia\/","title":{"rendered":"Ein Hauch von Roosters bei Olympia"},"content":{"rendered":"<h4><strong>Kaspars Daugavins und Anthony Rech trugen Trikot der Sauerl\u00e4nder<\/strong><\/h4>\n<p><strong>Von Hendrik Klein<\/strong><\/p>\n<p>Wenn die Fans der Iserlohn Roosters das olympische Eishockey-Turnier in Mailand verfolgen, sehen sie auch alte Bekannte, die schon einmal das Trikot der Sauerl\u00e4nder getragen haben. W\u00e4hrend aus dem aktuellen Kader kein deutscher Spieler f\u00fcr Olympia nominiert wurde, steht mit Verteidiger Matias Lassen ein Crack im Kader D\u00e4nemarks. Hoffnungen auf einen Einsatz im DEB-Dress hatten sich im Vorfeld Roosters-Kapit\u00e4n Daniel Fischbuch \u2013 der auch die Vorbereitungsspiele bestritt \u2013 und Nationalmannschafts-Verteidiger Colin Ugbekile gemacht. Ugbekile wurde nicht eingeladen, Fischbuch musste Platz machen f\u00fcr die in der NHL aktiven Deutschen.<\/p>\n<p><strong>Verletzung vor den Spielen<\/strong><\/p>\n<p>Blieb aus dem aktuellen Roosters-Kader nur Matias Lassen. Aber auch der Einsatz des D\u00e4nen war lange in der Schwebe. Der 29-J\u00e4hrige hatte sich Ende Januar im Heimspiel gegen die Adler Mannheim schwerer verletzt. Lassen wurde aber rechtzeitig f\u00fcr die Olympischen Spiele wieder fit und konnte im Auftaktspiel der D\u00e4nen gegen Deutschland auflaufen. Das DEB-Team gewann gegen D\u00e4nemark 3:1. Die zweite Partie verloren Matias Lassen und seine D\u00e4nen 3:6 gegen die USA.<\/p>\n<p><strong>Kaspars Daugavins Kapit\u00e4n der Letten<\/strong><\/p>\n<p>Einer, den man am Seilersee ebenfalls bestens kennt und an den die Fans gute Erinnerungen haben, ist Kaspars Daugavins, Kapit\u00e4n der Lettischen Nationalmannschaft. Der 37-J\u00e4hrige erlernte das Eishockeyspielen in seiner Heimatstadt Riga. In der Saison 2013\/014 trug er das Trikot von Servette Genf in der Schweizer NLA. Dort gewann er den Spengler Cup. In den folgenden acht Jahren ging der Lette in der russischen KHL f\u00fcr Dynamo Moskau, Torpedo Nizhny Novgorod und Spartak Moskau auf Torejagd. Insgesamt stehen f\u00fcr Daugavins 459 Eins\u00e4tze (118 Tore-175 Assists-293 Punkte) und eine Teilnahme am KHL-All-Star Game zu Buche.<\/p>\n<p><strong>21 Tore f\u00fcr die Roosters<\/strong><\/p>\n<p>\u00dcber den SC Bern und einem weiteren Jahr in der Schweizer NLA f\u00fchrte Daugavins Weg zum ersten Mal nach Deutschland. In der Saison 2022\/2023 erzielte der routinierte St\u00fcrmer in 55 Spielen 49 Punkte (21 Tore) f\u00fcr die Iserlohn Roosters in der DEL. Mit 17 Jahren deb\u00fctierte er als j\u00fcngster Spieler, der jemals f\u00fcr die lettische A-Nationalmannschaft auflief, bei der Weltmeisterschaft in Lettland. Insgesamt nahm der 37-J\u00e4hrige bisher an elf Weltmeisterschaften und drei Olympischen Spielen teil. In den Jahren 2015 bis 2017, sowie 2021, 2023 und 2025 f\u00fchrte er die lettische Nationalmannschaft als Kapit\u00e4n an. 2023 gewann er mit Lettland die Bronzemedaille bei der Weltmeisterschaft.<\/p>\n<p><strong>Sieg gegen das DEB-Team<\/strong><\/p>\n<p>Dass die Letten auch bei dieser Olympiade ein starkes Team stellen, bekam in der Vorrunde nicht zuletzt die DEB-Mannschaft zu sp\u00fcren. Die Letten besiegten die Mannen von Bundestrainer Harold Kreis mit 4:3. Einen R\u00fcckschlag musste Ex-Rooster Kaspars Daugavins dann aber in der folgenden Partie gegen die favorisierten USA mit 1:5 hinnehmen. Aktuell steht der 37-j\u00e4hrige Angreifer im Kader des DEL2-Clubs Krefeld Pinguine und hat beste Aussichten mit seinem Team in die Deutsche Eishockeyliga aufzusteigen. Dann gibt es vielleicht ein Wiedersehen am Seilersee.<\/p>\n<p><strong>Anthony Rech f\u00fcr Frankreich<\/strong><\/p>\n<p>Ein weiterer Name, den man am Seilersee kennt, ist Anthony Rech. Der franz\u00f6sische Nationalspieler hatte sich zum Ende der Saison 2022\/2023 den Iserlohn Roosters angeschlossen, f\u00fcr die er bis zum Saisonende 16 Partien absolvierte. Zur Saison 2023\/24 wechselte der 33-J\u00e4hrige zur\u00fcck zu seinem Ausbildungsverein Dragons de Rouen in die franz\u00f6sische Ligue Magnus, mit dem er am Ende der Spielzeit die franz\u00f6sische Meisterschaft feiern konnte. Bei den Olympischen Spielen in Mailand und Cortina ist es f\u00fcr Anthony Rech und seine Mannschaft nicht so gut gelaufen. Die Franzosen verloren ihr Auftaktspiel gegen die Schweiz mit 0:4 und mussten sich auch den Tschechen mit 3:6 geschlagen geben.<\/p>\n","protected":false},"excerpt":{"rendered":"<p>Kaspars Daugavins und Anthony Rech trugen Trikot der Sauerl\u00e4nder Von  [&#8230;]<\/p>\n","protected":false},"author":3,"featured_media":24467,"comment_status":"closed","ping_status":"closed","sticky":false,"template":"","format":"standard","meta":{"two_page_speed":[],"footnotes":""},"categories":[4],"tags":[],"class_list":["post-24466","post","type-post","status-publish","format-standard","has-post-thumbnail","hentry","category-sport"],"_links":{"self":[{"href":"https:\/\/www.mk-journal.de\/index.php\/wp-json\/wp\/v2\/posts\/24466","targetHints":{"allow":["GET"]}}],"collection":[{"href":"https:\/\/www.mk-journal.de\/index.php\/wp-json\/wp\/v2\/posts"}],"about":[{"href":"https:\/\/www.mk-journal.de\/index.php\/wp-json\/wp\/v2\/types\/post"}],"author":[{"embeddable":true,"href":"https:\/\/www.mk-journal.de\/index.php\/wp-json\/wp\/v2\/users\/3"}],"replies":[{"embeddable":true,"href":"https:\/\/www.mk-journal.de\/index.php\/wp-json\/wp\/v2\/comments?post=24466"}],"version-history":[{"count":1,"href":"https:\/\/www.mk-journal.de\/index.php\/wp-json\/wp\/v2\/posts\/24466\/revisions"}],"predecessor-version":[{"id":24468,"href":"https:\/\/www.mk-journal.de\/index.php\/wp-json\/wp\/v2\/posts\/24466\/revisions\/24468"}],"wp:featuredmedia":[{"embeddable":true,"href":"https:\/\/www.mk-journal.de\/index.php\/wp-json\/wp\/v2\/media\/24467"}],"wp:attachment":[{"href":"https:\/\/www.mk-journal.de\/index.php\/wp-json\/wp\/v2\/media?parent=24466"}],"wp:term":[{"taxonomy":"category","embeddable":true,"href":"https:\/\/www.mk-journal.de\/index.php\/wp-json\/wp\/v2\/categories?post=24466"},{"taxonomy":"post_tag","embeddable":true,"href":"https:\/\/www.mk-journal.de\/index.php\/wp-json\/wp\/v2\/tags?post=24466"}],"curies":[{"name":"wp","href":"https:\/\/api.w.org\/{rel}","templated":true}]}}