{"id":24481,"date":"2026-02-16T10:28:09","date_gmt":"2026-02-16T08:28:09","guid":{"rendered":"https:\/\/www.mk-journal.de\/?p=24481"},"modified":"2026-02-16T10:28:09","modified_gmt":"2026-02-16T08:28:09","slug":"bundesfreiwilligendienst-im-sport","status":"publish","type":"post","link":"https:\/\/www.mk-journal.de\/index.php\/2026\/02\/16\/bundesfreiwilligendienst-im-sport\/","title":{"rendered":"Bundesfreiwilligendienst im Sport"},"content":{"rendered":"<p><strong>Kreissportbund M\u00e4rkischer Kreis bittet um Bewerbungen<\/strong><\/p>\n<p>(EB). Die Sportjugend des Kreissportbundes M\u00e4rkischer Kreis e.V. bietet ab dem 1. September einem jungen Menschen wieder die Chance, einen Bundesfreiwilligendienst (BFD) im Sport zu absolvieren. Der einj\u00e4hrige Freiwilligendienst ist ideal f\u00fcr die berufliche Orientierung. Er bietet die Gelegenheit, sportpraktische Erfahrungen in der Arbeit mit Kindern und Jugendlichen zu sammeln und hinter die Kulissen der kreisweit agierenden Sportorganisation blicken zu k\u00f6nnen.<\/p>\n<p><strong>Mitgestaltung von Social Media<\/strong><\/p>\n<p>Interessierte arbeiten in einem engagierten Team, \u00fcbernehmen vielf\u00e4ltige Aufgaben und erhalten die M\u00f6glichkeit, eigene Ideen einzubringen und Projekte selbstst\u00e4ndig umzusetzen. Besonders im Bereich Social Media ist die aktive Mitgestaltung ausdr\u00fccklich erw\u00fcnscht. W\u00fcnschenswert sind zudem die Bereitschaft zum Erwerb einer \u00dcbungsleiter-Qualifikation (sofern noch nicht vorhanden) sowie die Nutzung des eigenen PKW zur flexiblen Erreichbarkeit der Einsatzorte (Fahrtkostenerstattung m\u00f6glich).<\/p>\n<p><strong>Bewerbungen bis zum 31. Mai<\/strong><\/p>\n<p>Die w\u00f6chentliche Arbeitszeit betr\u00e4gt 39 Stunden und wird individuell abgestimmt. Auch Eins\u00e4tze am Abend oder am Wochenende sind m\u00f6glich. Hauptarbeitsort ist die Gesch\u00e4ftsstelle des Kreissportbundes M\u00e4rkischer Kreis am Hellweg 2 in Iserlohn. Bewerbungen mit Lebenslauf, Motivationsschreiben und Zeugnis k\u00f6nnen bis zum 31. Mai an <a href=\"mailto:sebastian.pahlke@ksb-mk.de\">sebastian.pahlke@ksb-mk.de<\/a> oder \u00fcber das Freiwilligenportal (freiwilligendiensteimsport.nrw) eingereicht werden. Die vollst\u00e4ndige Ausschreibung steht auf der Homepage unter <a href=\"https:\/\/www.ksb-mk.de\/ksb-mk\/freiwilligendienst-im-sport\">https:\/\/www.ksb-mk.de\/ksb-mk\/freiwilligendienst-im-sport<\/a> zur Verf\u00fcgung.<\/p>\n","protected":false},"excerpt":{"rendered":"<p>Kreissportbund M\u00e4rkischer Kreis bittet um Bewerbungen (EB). Die Sportjugend des  [&#8230;]<\/p>\n","protected":false},"author":3,"featured_media":24482,"comment_status":"closed","ping_status":"closed","sticky":false,"template":"","format":"standard","meta":{"two_page_speed":[],"footnotes":""},"categories":[7],"tags":[],"class_list":["post-24481","post","type-post","status-publish","format-standard","has-post-thumbnail","hentry","category-dies-und-das"],"_links":{"self":[{"href":"https:\/\/www.mk-journal.de\/index.php\/wp-json\/wp\/v2\/posts\/24481","targetHints":{"allow":["GET"]}}],"collection":[{"href":"https:\/\/www.mk-journal.de\/index.php\/wp-json\/wp\/v2\/posts"}],"about":[{"href":"https:\/\/www.mk-journal.de\/index.php\/wp-json\/wp\/v2\/types\/post"}],"author":[{"embeddable":true,"href":"https:\/\/www.mk-journal.de\/index.php\/wp-json\/wp\/v2\/users\/3"}],"replies":[{"embeddable":true,"href":"https:\/\/www.mk-journal.de\/index.php\/wp-json\/wp\/v2\/comments?post=24481"}],"version-history":[{"count":2,"href":"https:\/\/www.mk-journal.de\/index.php\/wp-json\/wp\/v2\/posts\/24481\/revisions"}],"predecessor-version":[{"id":24484,"href":"https:\/\/www.mk-journal.de\/index.php\/wp-json\/wp\/v2\/posts\/24481\/revisions\/24484"}],"wp:featuredmedia":[{"embeddable":true,"href":"https:\/\/www.mk-journal.de\/index.php\/wp-json\/wp\/v2\/media\/24482"}],"wp:attachment":[{"href":"https:\/\/www.mk-journal.de\/index.php\/wp-json\/wp\/v2\/media?parent=24481"}],"wp:term":[{"taxonomy":"category","embeddable":true,"href":"https:\/\/www.mk-journal.de\/index.php\/wp-json\/wp\/v2\/categories?post=24481"},{"taxonomy":"post_tag","embeddable":true,"href":"https:\/\/www.mk-journal.de\/index.php\/wp-json\/wp\/v2\/tags?post=24481"}],"curies":[{"name":"wp","href":"https:\/\/api.w.org\/{rel}","templated":true}]}}