{"id":24490,"date":"2026-02-17T10:03:49","date_gmt":"2026-02-17T08:03:49","guid":{"rendered":"https:\/\/www.mk-journal.de\/?p=24490"},"modified":"2026-02-17T10:03:49","modified_gmt":"2026-02-17T08:03:49","slug":"fahrbahnsanierung-k12-in-balve-mellen","status":"publish","type":"post","link":"https:\/\/www.mk-journal.de\/index.php\/2026\/02\/17\/fahrbahnsanierung-k12-in-balve-mellen\/","title":{"rendered":"Fahrbahnsanierung K12 in Balve-Mellen"},"content":{"rendered":"<h4>Vollsperrung f\u00fcr dritten Bauabschnitt<\/h4>\n<p>(pmk). Der dritte Bauabschnitt auf der Kreisstra\u00dfe 12 steht an. Die Arbeiten vom Ortsausgang aus Richtung Balve bis zum Knotenpunkt Balver Stra\u00dfe (K12) und Sorpestra\u00dfe (K34) sollen ab Montag, 23. Februar, starten. Das teilt der M\u00e4rkische Kreis mit. In den ersten beiden Bauabschnitten, vom Kreuzungsbereich K12 \/ K34 bis zum Ortsausgang Richtung Balve-Langenholthausen, wurden unter anderem die Fundament-Rinnen erneuert und die komplette Asphaltdecke neu aufgebaut. Zudem fanden umfangreiche Ma\u00dfnahmen an der \u00f6ffentlichen Kanalisation im Auftrag des Ruhrverbands statt. Auch der Wasserbeschaffungsverband Mellen f\u00fchrte in diesem Zuge notwendige Arbeiten durch.<\/p>\n<p><strong>Kanalarbeiten parallel<\/strong><\/p>\n<p>Der dritte Bauabschnitt \u2013 vom Ortsausgang aus Richtung Balve bis zur Kreuzung K12 \/ K34 starten sofern es die Wetterverh\u00e4ltnisse es erlauben. Dabei werden unter anderem noch Kanalbauarbeiten f\u00fcr den Ruhrverband sowie Arbeiten f\u00fcr den Energieversorger Westnetz durchgef\u00fchrt. Parallel dazu starten die Stra\u00dfenbauarbeiten. Auch in diesem Teilabschnitt werden der Asphalt und punktuell Bordsteine erneuert. Die Sanierung wird voraussichtlich etwa acht Wochen in Anspruch nehmen.<\/p>\n<p><strong>Anlieger frei<\/strong><\/p>\n<p>F\u00fcr die erforderlichen Stra\u00dfen- und Kanalbauarbeiten muss die Kreisstra\u00dfe 12 voll gesperrt werden. Der Anliegerverkehr im Baustellenbereich soll aufrechterhalten werden. Je nach Baufortschritt und den anstehenden Arbeiten kann es aber m\u00f6glich sein, dass eine Befahrung des Baubereiches tempor\u00e4r auch f\u00fcr die Anlieger nicht m\u00f6glich sein wird. Ziel ist es, die Einschr\u00e4nkungen f\u00fcr die betroffenen Anlieger so gering wie m\u00f6glich zu halten. Eine Umleitungstrecke wird \u00fcber die Bundesstra\u00dfe 229, die Landesstra\u00dfe 686 und die Kreisstra\u00dfe 12 f\u00fcr den Zeitraum der erforderlichen Arbeiten entsprechend ausgeschildert.<\/p>\n","protected":false},"excerpt":{"rendered":"<p>Vollsperrung f\u00fcr dritten Bauabschnitt (pmk). Der dritte Bauabschnitt auf der  [&#8230;]<\/p>\n","protected":false},"author":3,"featured_media":24491,"comment_status":"closed","ping_status":"closed","sticky":false,"template":"","format":"standard","meta":{"two_page_speed":[],"footnotes":""},"categories":[11],"tags":[],"class_list":["post-24490","post","type-post","status-publish","format-standard","has-post-thumbnail","hentry","category-maerkischer-kreis"],"_links":{"self":[{"href":"https:\/\/www.mk-journal.de\/index.php\/wp-json\/wp\/v2\/posts\/24490","targetHints":{"allow":["GET"]}}],"collection":[{"href":"https:\/\/www.mk-journal.de\/index.php\/wp-json\/wp\/v2\/posts"}],"about":[{"href":"https:\/\/www.mk-journal.de\/index.php\/wp-json\/wp\/v2\/types\/post"}],"author":[{"embeddable":true,"href":"https:\/\/www.mk-journal.de\/index.php\/wp-json\/wp\/v2\/users\/3"}],"replies":[{"embeddable":true,"href":"https:\/\/www.mk-journal.de\/index.php\/wp-json\/wp\/v2\/comments?post=24490"}],"version-history":[{"count":1,"href":"https:\/\/www.mk-journal.de\/index.php\/wp-json\/wp\/v2\/posts\/24490\/revisions"}],"predecessor-version":[{"id":24492,"href":"https:\/\/www.mk-journal.de\/index.php\/wp-json\/wp\/v2\/posts\/24490\/revisions\/24492"}],"wp:featuredmedia":[{"embeddable":true,"href":"https:\/\/www.mk-journal.de\/index.php\/wp-json\/wp\/v2\/media\/24491"}],"wp:attachment":[{"href":"https:\/\/www.mk-journal.de\/index.php\/wp-json\/wp\/v2\/media?parent=24490"}],"wp:term":[{"taxonomy":"category","embeddable":true,"href":"https:\/\/www.mk-journal.de\/index.php\/wp-json\/wp\/v2\/categories?post=24490"},{"taxonomy":"post_tag","embeddable":true,"href":"https:\/\/www.mk-journal.de\/index.php\/wp-json\/wp\/v2\/tags?post=24490"}],"curies":[{"name":"wp","href":"https:\/\/api.w.org\/{rel}","templated":true}]}}