{"id":24500,"date":"2026-02-17T11:04:26","date_gmt":"2026-02-17T09:04:26","guid":{"rendered":"https:\/\/www.mk-journal.de\/?p=24500"},"modified":"2026-02-17T11:04:26","modified_gmt":"2026-02-17T09:04:26","slug":"iftar-essen-im-grohe-forum","status":"publish","type":"post","link":"https:\/\/www.mk-journal.de\/index.php\/2026\/02\/17\/iftar-essen-im-grohe-forum\/","title":{"rendered":"Iftar-Essen im Grohe-Forum"},"content":{"rendered":"<h4><strong>G\u00e4ste sind herzlich willkommen<\/strong><\/h4>\n<p>(EB). Diese besondere Geste hat in Hemer Tradition im Fastenmonat. Auch im diesj\u00e4hrigen Ramadan l\u00e4dt die T\u00fcrkisch Islamische Gemeinde Hemer die Menschen ihrer Heimatstadt zum Iftar-Essen ein. Bekanntlich ist ihren Gl\u00e4ubigen im Fastenmonat verboten, zwischen Sonnenaufgang und Sonnenuntergang feste oder fl\u00fcssige Speisen und Getr\u00e4nke zu sich zu nehmen. Nach Sonnenuntergang aber trifft man sich in den Familien, in der Moschee oder anderen \u00f6ffentlichen Orten, um gemeinsam zu essen \u2013 und genau das ist am 27. Februar ab 17:30 Uhr im Hemeraner Grohe-Forum geplant.<\/p>\n<p><strong>Wunderbare Tradition<\/strong><\/p>\n<p>\u201eDiese Veranstaltung im Grohe-Forum ist zu einer wunderbaren Tradition in Hemer geworden. Uns freut es sehr, dass auch immer Hemeranerinnen und Hemeraner zum Iftar-Essen kommen. Es d\u00fcrfen Jahr f\u00fcr Jahr gern noch ein paar G\u00e4ste mehr sein. Wir hei\u00dfen alle herzlich willkommen\u201c, sagt Tacettin \u00d6nal, Vorsitzender der Gemeinde.<\/p>\n<p><strong>Idee des B\u00fcrgermeisters<\/strong><\/p>\n<p>Unterst\u00fctzt werden er und die Gemeinde vom Sauerlandpark Hemer und B\u00fcrgermeister Christian Schweitzer, der die Idee hatte, das Fastenbrechen in einem gr\u00f6\u00dferen und \u00f6ffentlichen Rahmen stattfinden zu lassen. \u201eDer Fastenmonat Ramadan ist eine Zeit der inneren Einkehr und des respektvollen Miteinanders. Mit ihrer Einladung sendet die T\u00fcrkische Gemeinde ein klares Signal aus: Alle Hemeranerinnen und Hemeraner sind willkommen. So schafft man einen offenen Dialog zwischen Menschen unterschiedlichen Glaubens und die Basis f\u00fcr ein friedvolles und freiheitliches Zusammenleben. Das ist auch ein Zeichen daf\u00fcr, dass Religions- und Fremdenhass in unserer Stadt keinen Platz haben!\u201c Der B\u00fcrgermeister hofft, dass zahlreiche Hemeraner B\u00fcrgerinnen und B\u00fcrger das Angebot annehmen und gemeinsam mit der Gemeinde die Gemeinschaft genie\u00dfen.<\/p>\n<p><strong>Anmeldung nicht n\u00f6tig<\/strong><\/p>\n<p>Das gesamte Essen wird von der DITB-Gemeinde kostenlos zur Verf\u00fcgung gestellt. Eine Anmeldung ist nicht n\u00f6tig. \u00dcber eine Spende f\u00fcr ihre caritativen Aktivit\u00e4ten w\u00fcrde sich die t\u00fcrkische Gemeinde Hemer sehr freuen.<\/p>\n","protected":false},"excerpt":{"rendered":"<p>G\u00e4ste sind herzlich willkommen (EB). Diese besondere Geste hat in  [&#8230;]<\/p>\n","protected":false},"author":3,"featured_media":24501,"comment_status":"closed","ping_status":"closed","sticky":false,"template":"","format":"standard","meta":{"two_page_speed":[],"footnotes":""},"categories":[10],"tags":[],"class_list":["post-24500","post","type-post","status-publish","format-standard","has-post-thumbnail","hentry","category-staedte-und-gemeinden"],"_links":{"self":[{"href":"https:\/\/www.mk-journal.de\/index.php\/wp-json\/wp\/v2\/posts\/24500","targetHints":{"allow":["GET"]}}],"collection":[{"href":"https:\/\/www.mk-journal.de\/index.php\/wp-json\/wp\/v2\/posts"}],"about":[{"href":"https:\/\/www.mk-journal.de\/index.php\/wp-json\/wp\/v2\/types\/post"}],"author":[{"embeddable":true,"href":"https:\/\/www.mk-journal.de\/index.php\/wp-json\/wp\/v2\/users\/3"}],"replies":[{"embeddable":true,"href":"https:\/\/www.mk-journal.de\/index.php\/wp-json\/wp\/v2\/comments?post=24500"}],"version-history":[{"count":1,"href":"https:\/\/www.mk-journal.de\/index.php\/wp-json\/wp\/v2\/posts\/24500\/revisions"}],"predecessor-version":[{"id":24502,"href":"https:\/\/www.mk-journal.de\/index.php\/wp-json\/wp\/v2\/posts\/24500\/revisions\/24502"}],"wp:featuredmedia":[{"embeddable":true,"href":"https:\/\/www.mk-journal.de\/index.php\/wp-json\/wp\/v2\/media\/24501"}],"wp:attachment":[{"href":"https:\/\/www.mk-journal.de\/index.php\/wp-json\/wp\/v2\/media?parent=24500"}],"wp:term":[{"taxonomy":"category","embeddable":true,"href":"https:\/\/www.mk-journal.de\/index.php\/wp-json\/wp\/v2\/categories?post=24500"},{"taxonomy":"post_tag","embeddable":true,"href":"https:\/\/www.mk-journal.de\/index.php\/wp-json\/wp\/v2\/tags?post=24500"}],"curies":[{"name":"wp","href":"https:\/\/api.w.org\/{rel}","templated":true}]}}