{"id":24532,"date":"2026-02-19T10:08:08","date_gmt":"2026-02-19T08:08:08","guid":{"rendered":"https:\/\/www.mk-journal.de\/?p=24532"},"modified":"2026-02-19T10:08:56","modified_gmt":"2026-02-19T08:08:56","slug":"staffelstabuebergabe-beim-naturpark","status":"publish","type":"post","link":"https:\/\/www.mk-journal.de\/index.php\/2026\/02\/19\/staffelstabuebergabe-beim-naturpark\/","title":{"rendered":"Staffelstab\u00fcbergabe beim Naturpark"},"content":{"rendered":"<h4><strong>Projekte forciert und verdiente Vorstandsmitglieder verabschiedet <\/strong><\/h4>\n<p>(pmk). Zahlreiche Vertreter aus den vier Mitgliedskreisen und 43 Mitgliedskommunen trafen sich jetzt zur Versammlung des Naturparks Sauerland Rothaargebirge e.V. im Kreishaus Meschede. Auf der Tagesordnung standen neben den Berichten auch Vorstandswahlen. \u00a0Nach der offiziellen Begr\u00fc\u00dfung durch den ersten Vorsitzenden Bernd Fuhrmann richtete der neue Landrat des Hochsauerlandkreises, Thomas Grosche, als Gastgeber ein Gru\u00dfwort an die Versammlung. Dr. J\u00fcrgen Fischbach vom Sauerland-Tourismus und Daniel Knorn von der Firma kaleidos:code GmbH aus Fulda berichteten \u00fcb er das sich aktuell in Umsetzung befindlichen F\u00f6rderprojekt \u201eGrenzenlos\u201c, in dem ein regional \u00fcbergreifendes Managementsystem entwickelt wird. Das System zielt auf die Verwaltung touristisch relevanter Infrastrukturen, der Sicherung fl\u00e4chendeckender Qualit\u00e4ten sowie letztendlich der strategischen Weiterentwicklung der Naturr\u00e4ume. Neben dem Naturpark Sauerland Rothaargebirge e.V. sowie dem Sauerland-Tourismus e.V. sind weitere Projektpartner in die Umsetzung involviert.<\/p>\n<p><strong>Gr\u00f6\u00dfter Naturpark Deutschlands<\/strong><\/p>\n<p>Der Vorsitzende des Naturparks sowie dessen Gesch\u00e4ftsf\u00fchrer Detlef Lins und sein Stellvertreter Georg Schmitz richteten ihren Fokus auf den Jahresr\u00fcckblick: Der beinhaltete die Urkunden\u00fcbergabe im April 2025 durch Minister Krischer anl\u00e4sslich der Gebietserweiterung zum gr\u00f6\u00dften Naturpark in Deutschland, die bisher h\u00f6chste F\u00f6rdersumme von 380.000 Euro in einem Jahr bzw. rd. 2,761 Mio. Euro akquirierte F\u00f6rdermittel seit dem Jahr 2016, bis hin zu den aktuellen Projekten des Vereins wie den \u201eNaturpark-D\u00f6rfern\u201c im Rahmen des Landeswettbewerbs der Naturparke in Nordrhein-Westfalen.<\/p>\n<p><strong>Bj\u00f6rn Jarosz neuer Vorsitzender<\/strong><\/p>\n<p>Neben weiteren Formalia verabschiedete die Mitgliederversammlung eine neue Satzung des Naturparks. Es schlossen sich turnusgem\u00e4\u00df Neuwahlen zum Vorstand nach Beendigung der letzten Wahlperiode an. Bernd Fuhrmann, der seit der Gr\u00fcndung des Naturparks im April 2015 die Geschicke und erfolgreiche Vereinsentwicklung als erster Vorsitzender lenkte, \u00fcbergab nunmehr den Staffelstab an seinen Nachfolger Bj\u00f6rn Jarosz. Dieser w\u00fcrdigte die Arbeit Fuhrmanns in einer Laudatio und dankte ihm sowie allen \u00fcbrigen ausscheidenden Vorstandsmitgliedern f\u00fcr ihr ehrenamtliches Engagement.<\/p>\n<p><strong>Barbara Dienstel-K\u00fcmper wiedergew\u00e4hlt<\/strong><\/p>\n<p>Im Amt best\u00e4tigt wurden die zweite Vorsitzende Barbara Dienstel-K\u00fcmper. Weiter in ihren \u00c4mtern verbleiben Arno Wied, Andrea Kramer-Pabst, Frank Linnekugel, Prof. Dr. Klaudia Witte, Theo-Josef Nagel und Dr. J\u00fcrgen Fischbach. Durch berufliche Neuorientierung oder neue Aufgaben stellten sich folgende bisherige Vorstandsmitglieder nicht wieder zur Wahl: Bernd Fuhrmann, Thomas Grosche, Hubertus M\u00fchling und Daniel Letocha. F\u00fcr diese ausscheidenden Vorstandsmitglieder wurden neu gew\u00e4hlt: Franz-Josef M\u00f6nxelhaus, Volker Sonneborn, Uwe Schmalenbach sowie zus\u00e4tzlich Jutta Capito als Vertreterin der Landwirtschaft. Weitere Informationen unter: <a href=\"http:\/\/www.naturpark-sauerland-rothaargebirge.de\">www.naturpark-sauerland-rothaargebirge.de<\/a>.<\/p>\n","protected":false},"excerpt":{"rendered":"<p>Projekte forciert und verdiente Vorstandsmitglieder verabschiedet (pmk). Zahlreiche Vertreter aus  [&#8230;]<\/p>\n","protected":false},"author":3,"featured_media":24533,"comment_status":"closed","ping_status":"closed","sticky":false,"template":"","format":"standard","meta":{"two_page_speed":[],"footnotes":""},"categories":[7],"tags":[],"class_list":["post-24532","post","type-post","status-publish","format-standard","has-post-thumbnail","hentry","category-dies-und-das"],"_links":{"self":[{"href":"https:\/\/www.mk-journal.de\/index.php\/wp-json\/wp\/v2\/posts\/24532","targetHints":{"allow":["GET"]}}],"collection":[{"href":"https:\/\/www.mk-journal.de\/index.php\/wp-json\/wp\/v2\/posts"}],"about":[{"href":"https:\/\/www.mk-journal.de\/index.php\/wp-json\/wp\/v2\/types\/post"}],"author":[{"embeddable":true,"href":"https:\/\/www.mk-journal.de\/index.php\/wp-json\/wp\/v2\/users\/3"}],"replies":[{"embeddable":true,"href":"https:\/\/www.mk-journal.de\/index.php\/wp-json\/wp\/v2\/comments?post=24532"}],"version-history":[{"count":2,"href":"https:\/\/www.mk-journal.de\/index.php\/wp-json\/wp\/v2\/posts\/24532\/revisions"}],"predecessor-version":[{"id":24535,"href":"https:\/\/www.mk-journal.de\/index.php\/wp-json\/wp\/v2\/posts\/24532\/revisions\/24535"}],"wp:featuredmedia":[{"embeddable":true,"href":"https:\/\/www.mk-journal.de\/index.php\/wp-json\/wp\/v2\/media\/24533"}],"wp:attachment":[{"href":"https:\/\/www.mk-journal.de\/index.php\/wp-json\/wp\/v2\/media?parent=24532"}],"wp:term":[{"taxonomy":"category","embeddable":true,"href":"https:\/\/www.mk-journal.de\/index.php\/wp-json\/wp\/v2\/categories?post=24532"},{"taxonomy":"post_tag","embeddable":true,"href":"https:\/\/www.mk-journal.de\/index.php\/wp-json\/wp\/v2\/tags?post=24532"}],"curies":[{"name":"wp","href":"https:\/\/api.w.org\/{rel}","templated":true}]}}