{"id":24545,"date":"2026-02-19T11:17:43","date_gmt":"2026-02-19T09:17:43","guid":{"rendered":"https:\/\/www.mk-journal.de\/?p=24545"},"modified":"2026-02-19T11:17:43","modified_gmt":"2026-02-19T09:17:43","slug":"berufskollegs-des-maerkischen-kreises-gut-aufgestellt","status":"publish","type":"post","link":"https:\/\/www.mk-journal.de\/index.php\/2026\/02\/19\/berufskollegs-des-maerkischen-kreises-gut-aufgestellt\/","title":{"rendered":"Berufskollegs des M\u00e4rkischen Kreises gut aufgestellt"},"content":{"rendered":"<p>(pmk). Die Schulleitungen der Berufskollegs des M\u00e4rkischen Kreises tauschten sich jetzt mit Landrat Ralf Schwarzkopf und Anja Tadday-Schlichting, Fachdienstleiterin Schulen, aus. Dabei ging es um die Zusammenarbeit, aktuelle Entwicklungen und zuk\u00fcnftige Herausforderungen und Perspektiven.<\/p>\n<p><strong>Gro\u00dfes Interesse<\/strong><\/p>\n<p>An dem Dialog im Kreishaus L\u00fcdenscheid nahmen Helga Bendick (Schulleiterin H\u00f6nne-Berufskolleg), Matthias Lohmann (Berufskolleg f\u00fcr Technik L\u00fcdenscheid), Ulrich Fr\u00f6ndhoff (Eugen-Schmalenbach-Berufskolleg Halver), Josef Schulte (Berufskolleg Iserlohn) sowie Armin Vo\u00df (Gertrud-B\u00e4umer-Berufskolleg L\u00fcdenscheid) teil. Die Berufskollegs des M\u00e4rkischen Kreises standen in den vergangenen Tagen und Wochen mit ihren Beratungstagen sowie offenen T\u00fcren regelm\u00e4\u00dfig auch medial im Blickpunkt. Sie registrierten dabei ein gro\u00dfes Interesse von Sch\u00fclerinnen und Sch\u00fclern sowie Eltern. Ein deutliches Zeichen, dass diese Informationsveranstaltungen weiterhin Sinn und sich bezahlt machen.<\/p>\n<p><strong>Weiterentwicklung ein Thema<\/strong><\/p>\n<p>Dar\u00fcber hinaus ging es um die Frage, wie sich die Berufskollegs angesichts gesellschaftlicher, technischer und wirtschaftlicher Ver\u00e4nderungen zukunftsf\u00e4hig aufstellen k\u00f6nnen. Themen wie Modernisierung, Attraktivit\u00e4t der Bildungsangebote, digitale Entwicklungen und die enge Verzahnung mit den regionalen Ausbildungsbedarfen spielten dabei eine zentrale Rolle. \u201eUnsere Berufskollegs leisten einen starken Beitrag zur Fachkr\u00e4ftesicherung junger Menschen hier bei uns im M\u00e4rkischen Kreis\u201c, sagt Landrat Ralf Schwarzkopf und erg\u00e4nzt: \u201eEs ist wichtig, die berufliche Bildung modern, leistungsf\u00e4hig und zukunftsorientiert weiterzuentwickeln.\u201c<\/p>\n","protected":false},"excerpt":{"rendered":"<p>(pmk). Die Schulleitungen der Berufskollegs des M\u00e4rkischen Kreises tauschten sich  [&#8230;]<\/p>\n","protected":false},"author":3,"featured_media":24546,"comment_status":"closed","ping_status":"closed","sticky":false,"template":"","format":"standard","meta":{"two_page_speed":[],"footnotes":""},"categories":[11],"tags":[],"class_list":["post-24545","post","type-post","status-publish","format-standard","has-post-thumbnail","hentry","category-maerkischer-kreis"],"_links":{"self":[{"href":"https:\/\/www.mk-journal.de\/index.php\/wp-json\/wp\/v2\/posts\/24545","targetHints":{"allow":["GET"]}}],"collection":[{"href":"https:\/\/www.mk-journal.de\/index.php\/wp-json\/wp\/v2\/posts"}],"about":[{"href":"https:\/\/www.mk-journal.de\/index.php\/wp-json\/wp\/v2\/types\/post"}],"author":[{"embeddable":true,"href":"https:\/\/www.mk-journal.de\/index.php\/wp-json\/wp\/v2\/users\/3"}],"replies":[{"embeddable":true,"href":"https:\/\/www.mk-journal.de\/index.php\/wp-json\/wp\/v2\/comments?post=24545"}],"version-history":[{"count":1,"href":"https:\/\/www.mk-journal.de\/index.php\/wp-json\/wp\/v2\/posts\/24545\/revisions"}],"predecessor-version":[{"id":24547,"href":"https:\/\/www.mk-journal.de\/index.php\/wp-json\/wp\/v2\/posts\/24545\/revisions\/24547"}],"wp:featuredmedia":[{"embeddable":true,"href":"https:\/\/www.mk-journal.de\/index.php\/wp-json\/wp\/v2\/media\/24546"}],"wp:attachment":[{"href":"https:\/\/www.mk-journal.de\/index.php\/wp-json\/wp\/v2\/media?parent=24545"}],"wp:term":[{"taxonomy":"category","embeddable":true,"href":"https:\/\/www.mk-journal.de\/index.php\/wp-json\/wp\/v2\/categories?post=24545"},{"taxonomy":"post_tag","embeddable":true,"href":"https:\/\/www.mk-journal.de\/index.php\/wp-json\/wp\/v2\/tags?post=24545"}],"curies":[{"name":"wp","href":"https:\/\/api.w.org\/{rel}","templated":true}]}}