{"id":24566,"date":"2026-02-20T10:49:24","date_gmt":"2026-02-20T08:49:24","guid":{"rendered":"https:\/\/www.mk-journal.de\/?p=24566"},"modified":"2026-02-20T10:49:24","modified_gmt":"2026-02-20T08:49:24","slug":"stadtverwaltung-geschlossen","status":"publish","type":"post","link":"https:\/\/www.mk-journal.de\/index.php\/2026\/02\/20\/stadtverwaltung-geschlossen\/","title":{"rendered":"Stadtverwaltung geschlossen"},"content":{"rendered":"<h4><strong>Personalvollversammlung am 24. Februar in Iserlohn<\/strong><\/h4>\n<p style=\"line-height: 16.5pt;\"><span style=\"font-family: 'Calibri',sans-serif; color: #153643;\">(PSI). Wegen einer Personalvollversammlung der Stadt Iserlohn <span style=\"font-family: 'Calibri',sans-serif;\">am Dienstag, 24. Februar<\/span>, bleiben die B\u00fcros in den verschiedenen Geb\u00e4uden der Verwaltung wie im Rathaus am Werner\u2011Jacobi\u2011Platz, in der \u201eAlten Post\u201c (Theodor-Heuss-Ring 5) oder in den Stadth\u00e4usern Zentrum im 1A-Center (Schillerplatz), B\u00f6mberg (B\u00f6mbergring 37), am Westertor (Hans-B\u00f6ckler-Stra\u00dfe 25) und Dr\u00f6scheder Feld (Max-Planck-Stra\u00dfe 5b) geschlossen. <\/span><span style=\"font-family: 'Calibri',sans-serif; color: #153643;\">Ebenfalls am 24. Februar komplett geschlossen bleiben die B\u00fcrgerservice-Stelle in Hennen und das Standesamt in der Villa Basse.<\/span><\/p>\n<p style=\"line-height: 16.5pt;\"><span style=\"font-family: 'Calibri',sans-serif; color: #153643;\">Die <strong><span style=\"font-family: 'Calibri',sans-serif;\">Telefonvermittlung<\/span><\/strong> mit der zentralen Rufnummer der Stadtverwaltung 02371\/217-0 ist an diesem Tag bis 13.30 Uhr nicht besetzt.<\/span><\/p>\n<p style=\"line-height: 16.5pt;\"><span style=\"font-family: 'Calibri',sans-serif; color: #153643;\">Die <strong><span style=\"font-family: 'Calibri',sans-serif;\">B\u00fcrgerservice-Stellen Stadtmitte<\/span><\/strong> und <strong><span style=\"font-family: 'Calibri',sans-serif;\">Letmathe<\/span><\/strong> \u00f6ffnen von 14 Uhr bis 16 Uhr.<\/span><\/p>\n<p style=\"line-height: 16.5pt;\"><span style=\"font-family: 'Calibri',sans-serif; color: #153643;\">Das <strong><span style=\"font-family: 'Calibri',sans-serif;\">Stadtarchiv<\/span><\/strong> \u00f6ffnet an diesem Tag nur nachmittags von 14 bis 16 Uhr.<\/span><\/p>\n<p style=\"line-height: 16.5pt;\"><span style=\"font-family: 'Calibri',sans-serif; color: #153643;\">Die <strong><span style=\"font-family: 'Calibri',sans-serif;\">Stadtb\u00fccherei <\/span><\/strong>am Alten Rathausplatz \u00f6ffnet an diesem Tag von 14 bis 18 Uhr. Die B\u00fcchereizweigstelle Letmathe \u00f6ffnet zur gewohnten Zeit von 15 bis 18 Uhr.<\/span><\/p>\n<p style=\"line-height: 16.5pt;\"><span style=\"font-family: 'Calibri',sans-serif; color: #153643;\">Die <strong><span style=\"font-family: 'Calibri',sans-serif;\">Musikschule <\/span><\/strong>in Iserlohn ist telefonisch und pers\u00f6nlich zu erreichen. Die Musikschul-Zweigstelle Letmathe bleibt telefonisch erreichbar. Der Musikunterricht findet statt.<\/span><\/p>\n<p style=\"line-height: 16.5pt;\"><span style=\"font-family: 'Calibri',sans-serif; color: #153643;\">Das <strong><span style=\"font-family: 'Calibri',sans-serif;\">Stadtmuseum <\/span><\/strong>ist regul\u00e4r von 10 bis 17 Uhr ge\u00f6ffnet.<\/span><\/p>\n<p style=\"line-height: 16.5pt;\"><span style=\"font-family: 'Calibri',sans-serif; color: #153643;\">Die <strong><span style=\"font-family: 'Calibri',sans-serif;\">st\u00e4dtischen Kindertageseinrichtungen und OGS<\/span><\/strong> bleiben (bis auf wenige Ausnahmen) geschlossen. Hier sollten die Aush\u00e4nge in den jeweiligen Einrichtungen beachtet werden. Die Eltern sind entsprechend informiert.<\/span><\/p>\n<p style=\"line-height: 16.5pt;\"><span style=\"font-family: 'Calibri',sans-serif; color: #153643;\">Die <strong><span style=\"font-family: 'Calibri',sans-serif;\">Touristinfo<\/span><\/strong> im Stadtbahnhof bleibt an diesem Tag geschlossen. Erster \u00d6ffnungstag in dieser Woche ist am Mittwoch, 25. Februar, von 10 bis 18 Uhr. Montags ist die Touristinfo regul\u00e4r geschlossen.<\/span><\/p>\n<p style=\"line-height: 16.5pt;\"><span style=\"font-family: 'Calibri',sans-serif; color: #153643;\">Die Personalvollversammlung findet nach dem Landespersonalvertretungsgesetz (LPVG NRW) mindestens einmal im Jahr statt. Auf dieser Versammlung berichtet der Personalrat den Besch\u00e4ftigten \u00fcber seine T\u00e4tigkeit. Der B\u00fcrgermeister wird in Kooperation mit dem Verwaltungsvorstand f\u00fcnf ausgew\u00e4hlte Fragen der Belegschaft beantworten sowie zwei Fragen des Personalrats.<\/span><\/p>\n","protected":false},"excerpt":{"rendered":"<p>Personalvollversammlung am 24. Februar in Iserlohn (PSI). Wegen einer Personalvollversammlung  [&#8230;]<\/p>\n","protected":false},"author":3,"featured_media":24567,"comment_status":"closed","ping_status":"closed","sticky":false,"template":"","format":"standard","meta":{"two_page_speed":[],"footnotes":""},"categories":[10],"tags":[],"class_list":["post-24566","post","type-post","status-publish","format-standard","has-post-thumbnail","hentry","category-staedte-und-gemeinden"],"_links":{"self":[{"href":"https:\/\/www.mk-journal.de\/index.php\/wp-json\/wp\/v2\/posts\/24566","targetHints":{"allow":["GET"]}}],"collection":[{"href":"https:\/\/www.mk-journal.de\/index.php\/wp-json\/wp\/v2\/posts"}],"about":[{"href":"https:\/\/www.mk-journal.de\/index.php\/wp-json\/wp\/v2\/types\/post"}],"author":[{"embeddable":true,"href":"https:\/\/www.mk-journal.de\/index.php\/wp-json\/wp\/v2\/users\/3"}],"replies":[{"embeddable":true,"href":"https:\/\/www.mk-journal.de\/index.php\/wp-json\/wp\/v2\/comments?post=24566"}],"version-history":[{"count":2,"href":"https:\/\/www.mk-journal.de\/index.php\/wp-json\/wp\/v2\/posts\/24566\/revisions"}],"predecessor-version":[{"id":24569,"href":"https:\/\/www.mk-journal.de\/index.php\/wp-json\/wp\/v2\/posts\/24566\/revisions\/24569"}],"wp:featuredmedia":[{"embeddable":true,"href":"https:\/\/www.mk-journal.de\/index.php\/wp-json\/wp\/v2\/media\/24567"}],"wp:attachment":[{"href":"https:\/\/www.mk-journal.de\/index.php\/wp-json\/wp\/v2\/media?parent=24566"}],"wp:term":[{"taxonomy":"category","embeddable":true,"href":"https:\/\/www.mk-journal.de\/index.php\/wp-json\/wp\/v2\/categories?post=24566"},{"taxonomy":"post_tag","embeddable":true,"href":"https:\/\/www.mk-journal.de\/index.php\/wp-json\/wp\/v2\/tags?post=24566"}],"curies":[{"name":"wp","href":"https:\/\/api.w.org\/{rel}","templated":true}]}}