{"id":24682,"date":"2026-02-28T10:25:02","date_gmt":"2026-02-28T08:25:02","guid":{"rendered":"https:\/\/www.mk-journal.de\/?p=24682"},"modified":"2026-02-28T10:25:02","modified_gmt":"2026-02-28T08:25:02","slug":"wolfgang-niehaus-fuehrt-asb-iserlohn","status":"publish","type":"post","link":"https:\/\/www.mk-journal.de\/index.php\/2026\/02\/28\/wolfgang-niehaus-fuehrt-asb-iserlohn\/","title":{"rendered":"Wolfgang Niehaus f\u00fchrt ASB Iserlohn"},"content":{"rendered":"<p>(EB). Der Ortsverein Iserlohn des Arbeiter-Samariter-Bundes (ASB) hat einen neuen Vorstand. Das F\u00fchrungsgremium wurde zudem auf f\u00fcnf Vorstandsmitglieder erweitert. Auf der turnusm\u00e4\u00dfigen Jahreshauptversammlung wurde Wolfgang Niehaus zum neuen Vorsitzenden gew\u00e4hlt. Er l\u00f6st Iris Sternberg ab. Mit gro\u00dfer Mehrheit wurden ebenfalls gew\u00e4hlt: Dr. Bernd Rosenberg, Meike Z\u00f6pnek, Agata Palowska-El Gabry als Beisitzer sowie Henning Schauerte als stellvertretender Vorsitzender.<\/p>\n<p><strong>Mitgliederzahl gestiegen<\/strong><\/p>\n<p>Bereits zu Beginn ihres Rechenschaftsberichts hatte Iris Sternberg erkl\u00e4rt, dass der bisherige dreik\u00f6pfige Vorstand f\u00fcr eine neue Wahlperiode nicht mehr zur Verf\u00fcgung steht. Danach erl\u00e4uterte sie, den Anwesenden, zu denen auch Gast Dr. Stefan Sandbrink, Gesch\u00e4ftsf\u00fchrer des Landesverbandes NRW des Arbeiter-Samariter-Bundes geh\u00f6rte, dass trotz des allgemeinen P\ufb02egenotstands der ASB Iserlohn noch gut dastehe. In dem Zusammenhang bedankte sie sich bei allen Mitarbeiterinnen und Mitarbeiter f\u00fcr deren gute und engagierte Arbeit im Bereich der P\ufb02ege. Positiv zu bemerken sei, dass die Zahl der Mitglieder mittlerweile auf weit \u00fcber 1.000 angestiegen ist.<\/p>\n<p><strong>Ehrenamt st\u00e4rken<\/strong><\/p>\n<p>Zum Ende der Jahreshauptversammlung bedankte sich Dr. Sandbrink beim scheidenden Vorstand f\u00fcr die geleistete Arbeit und erkl\u00e4rte, dass er sich auf die Zusammenarbeit mit dem neuen F\u00fchrungsgremium freue. In seinem Schlusswort k\u00fcndigte der neue Vorsitzende Wolfgang Niehaus an, dass sich der neue Vorstand in erste Linie das Ehrenamt im ASB Iserlohn st\u00e4rken wolle.<\/p>\n","protected":false},"excerpt":{"rendered":"<p>(EB). Der Ortsverein Iserlohn des Arbeiter-Samariter-Bundes (ASB) hat einen neuen  [&#8230;]<\/p>\n","protected":false},"author":3,"featured_media":24683,"comment_status":"closed","ping_status":"closed","sticky":false,"template":"","format":"standard","meta":{"two_page_speed":[],"footnotes":""},"categories":[7],"tags":[],"class_list":["post-24682","post","type-post","status-publish","format-standard","has-post-thumbnail","hentry","category-dies-und-das"],"_links":{"self":[{"href":"https:\/\/www.mk-journal.de\/index.php\/wp-json\/wp\/v2\/posts\/24682","targetHints":{"allow":["GET"]}}],"collection":[{"href":"https:\/\/www.mk-journal.de\/index.php\/wp-json\/wp\/v2\/posts"}],"about":[{"href":"https:\/\/www.mk-journal.de\/index.php\/wp-json\/wp\/v2\/types\/post"}],"author":[{"embeddable":true,"href":"https:\/\/www.mk-journal.de\/index.php\/wp-json\/wp\/v2\/users\/3"}],"replies":[{"embeddable":true,"href":"https:\/\/www.mk-journal.de\/index.php\/wp-json\/wp\/v2\/comments?post=24682"}],"version-history":[{"count":1,"href":"https:\/\/www.mk-journal.de\/index.php\/wp-json\/wp\/v2\/posts\/24682\/revisions"}],"predecessor-version":[{"id":24684,"href":"https:\/\/www.mk-journal.de\/index.php\/wp-json\/wp\/v2\/posts\/24682\/revisions\/24684"}],"wp:featuredmedia":[{"embeddable":true,"href":"https:\/\/www.mk-journal.de\/index.php\/wp-json\/wp\/v2\/media\/24683"}],"wp:attachment":[{"href":"https:\/\/www.mk-journal.de\/index.php\/wp-json\/wp\/v2\/media?parent=24682"}],"wp:term":[{"taxonomy":"category","embeddable":true,"href":"https:\/\/www.mk-journal.de\/index.php\/wp-json\/wp\/v2\/categories?post=24682"},{"taxonomy":"post_tag","embeddable":true,"href":"https:\/\/www.mk-journal.de\/index.php\/wp-json\/wp\/v2\/tags?post=24682"}],"curies":[{"name":"wp","href":"https:\/\/api.w.org\/{rel}","templated":true}]}}