{"id":24685,"date":"2026-02-28T11:08:32","date_gmt":"2026-02-28T09:08:32","guid":{"rendered":"https:\/\/www.mk-journal.de\/?p=24685"},"modified":"2026-02-28T11:08:32","modified_gmt":"2026-02-28T09:08:32","slug":"arbeitslosigkeit-im-maerkischen-kreis-nahezu-unveraendert","status":"publish","type":"post","link":"https:\/\/www.mk-journal.de\/index.php\/2026\/02\/28\/arbeitslosigkeit-im-maerkischen-kreis-nahezu-unveraendert\/","title":{"rendered":"Arbeitslosigkeit im M\u00e4rkischen Kreis nahezu unver\u00e4ndert"},"content":{"rendered":"<p><strong>(EB). Die Arbeitslosigkeit im M\u00e4rkischen Kreis ist im Februar stabil geblieben. 19.054 Menschen waren arbeitslos gemeldet, 22 Personen mehr (0,1 Prozent) als im Januar und 96 Personen bzw. 0,5 Prozent mehr als vor einem Jahr. Die Arbeitslosenquote betrug 8,5 Prozent und war identisch zum Vormonatsniveau. Vor einem Jahr lag sie bei 8,4 Prozent. <\/strong><\/p>\n<p><strong>Arbeitsmarkt undynamisch<\/strong><\/p>\n<p>Der Arbeitsmarkt zeigt sich weiter undynamisch: Die Arbeitslosigkeit ist im Vergleich zum Vormonat nahezu unver\u00e4ndert, zugleich gehen weniger Stellenmeldungen ein. \u201eDer wirtschaftliche Druck bleibt auch in diesem Jahr sp\u00fcrbar. Die Einstellungsbereitschaft der Unternehmen ist auch im Fr\u00fchjahr noch verhalten \u2013 insgesamt fehlt die Bewegung am Arbeitsmarkt\u201c, so Gesch\u00e4ftsf\u00fchrer Stefan Steink\u00fchler.<\/p>\n<p><strong>8.214 Frauen ohne Job<\/strong><\/p>\n<p><strong>\u00a0<\/strong>Anl\u00e4sslich des Weltfrauentages am 8.M\u00e4rz richtet sich der Fokus auf die Arbeitskraft von Frauen. Zu Beginn des Jahres 2026 waren im Agenturbezirk Iserlohn insgesamt 8.214 Frauen arbeitslos gemeldet. Das waren rund 0,4 Prozent mehr als im Vorjahr. Die sozialversicherungspflichtige Besch\u00e4ftigung von Frauen stieg marginal um 0,2 Prozent auf 68.757 Besch\u00e4ftigte (Juni 2025). Mit Blick auf die strukturellen Merkmale sind besch\u00e4ftigte Frauen in der Region in einem hohen Ma\u00dfe vom demografischen Wandel betroffen, was \u00fcber den hohen Anteil von \u00e4lteren Besch\u00e4ftigten (28,3%) zu erkennen ist. Etwa jede achte Besch\u00e4ftigte hat eine ausl\u00e4ndische Herkunft, wobei diese eine mehr als ausgleichende Wirkung erzielten: w\u00e4hrend im Vergleich zum Vorjahr in der Region 462 deutsche Frauen weniger besch\u00e4ftigt waren, stieg die Besch\u00e4ftigung von ausl\u00e4ndischen Frauen um 631 Personen.<\/p>\n<p><strong>Frauen unterhalb ihrer Qualifizierung besch\u00e4ftigt<\/strong><\/p>\n<p>Die Betrachtung von Anforderungsniveau und Berufsabschluss der Frauen lassen auf gering qualifizierter Ebene aufmerken. Obwohl nur ein Anteil von 12,0 Prozent der besch\u00e4ftigten Frauen keinen Berufsabschluss besitzen, arbeiten 21,3 Prozent auf diesem Anforderungsniveau als Helferin. Demnach sind viele Frauen unterhalb ihres Qualifikationsniveaus besch\u00e4ftigt. \u201eWer Frauen f\u00f6rdert investiert nicht in eine Nische, sondern in die Wettbewerbsf\u00e4higkeit und in die Zukunftsf\u00e4higkeit\u201c, so Stefan Steink\u00fchler.<\/p>\n<p><strong>Die Zahlen im Einzelnen<\/strong><\/p>\n<p><strong>\u00a0<\/strong>Im Rechtskreis SGB III (Agentur f\u00fcr Arbeit) lag die Arbeitslosigkeit bei 6.377 Personen (99 Personen mehr als im Vormonat und 155 Personen mehr als vor einem Jahr). Im Rechtskreis SGB II (Jobcenter) waren 12.677 Arbeitslose registriert (77 Personen weniger als im Vormonat und 59 Personen weniger als im Vorjahr). Durch die Tr\u00e4ger der Grundsicherung (Jobcenter) wurden 67 Prozent aller Arbeitslosen betreut.<\/p>\n<p><strong>2.951 meldeten sich arbeitslos<\/strong><\/p>\n<p>Im vergangenen Monat meldeten sich insgesamt 2.951 Personen arbeitslos. Davon kamen 1.033 Personen direkt aus Erwerbst\u00e4tigkeit. 2.917 Menschen beendeten ihre Arbeitslosigkeit, davon nahmen 879 eine Erwerbst\u00e4tigkeit auf. \u201eEs ist erfreulich, dass vielen Menschen der \u00dcbergang aus der Grundsicherung in den Arbeitsmarkt trotz wirtschaftlich angespannter Lage gelingt. Getragen wird diese Entwicklung weiterhin durch \u00fcberdurchschnittlich hohe Integrationsraten von Menschen, die als Gefl\u00fcchtete nach Deutschland gekommen sind.\u201c, erl\u00e4utert Anna Markmann (Gesch\u00e4ftsf\u00fchrerin des Jobcenters M\u00e4rkischer Kreis). Lohnkostenzusch\u00fcsse f\u00fcr Arbeitgebende sind dabei zum Ausgleich von fachlichen Defiziten oder auch bei der Umwandlung eines Mini-Jobs in sozialversicherungspflichtige Besch\u00e4ftigung f\u00fcr Menschen aus dem B\u00fcrgergeldbezug m\u00f6glich. Gerne steht Ihnen der gemeinsame Arbeitgeberservice f\u00fcr weitere Fragen zur Verf\u00fcgung (Hotline des AG-S 0800 4 5555 20).<\/p>\n","protected":false},"excerpt":{"rendered":"<p>(EB). Die Arbeitslosigkeit im M\u00e4rkischen Kreis ist im Februar stabil  [&#8230;]<\/p>\n","protected":false},"author":3,"featured_media":24686,"comment_status":"closed","ping_status":"closed","sticky":false,"template":"","format":"standard","meta":{"two_page_speed":[],"footnotes":""},"categories":[7],"tags":[],"class_list":["post-24685","post","type-post","status-publish","format-standard","has-post-thumbnail","hentry","category-dies-und-das"],"_links":{"self":[{"href":"https:\/\/www.mk-journal.de\/index.php\/wp-json\/wp\/v2\/posts\/24685","targetHints":{"allow":["GET"]}}],"collection":[{"href":"https:\/\/www.mk-journal.de\/index.php\/wp-json\/wp\/v2\/posts"}],"about":[{"href":"https:\/\/www.mk-journal.de\/index.php\/wp-json\/wp\/v2\/types\/post"}],"author":[{"embeddable":true,"href":"https:\/\/www.mk-journal.de\/index.php\/wp-json\/wp\/v2\/users\/3"}],"replies":[{"embeddable":true,"href":"https:\/\/www.mk-journal.de\/index.php\/wp-json\/wp\/v2\/comments?post=24685"}],"version-history":[{"count":1,"href":"https:\/\/www.mk-journal.de\/index.php\/wp-json\/wp\/v2\/posts\/24685\/revisions"}],"predecessor-version":[{"id":24687,"href":"https:\/\/www.mk-journal.de\/index.php\/wp-json\/wp\/v2\/posts\/24685\/revisions\/24687"}],"wp:featuredmedia":[{"embeddable":true,"href":"https:\/\/www.mk-journal.de\/index.php\/wp-json\/wp\/v2\/media\/24686"}],"wp:attachment":[{"href":"https:\/\/www.mk-journal.de\/index.php\/wp-json\/wp\/v2\/media?parent=24685"}],"wp:term":[{"taxonomy":"category","embeddable":true,"href":"https:\/\/www.mk-journal.de\/index.php\/wp-json\/wp\/v2\/categories?post=24685"},{"taxonomy":"post_tag","embeddable":true,"href":"https:\/\/www.mk-journal.de\/index.php\/wp-json\/wp\/v2\/tags?post=24685"}],"curies":[{"name":"wp","href":"https:\/\/api.w.org\/{rel}","templated":true}]}}