{"id":24809,"date":"2026-03-06T12:34:47","date_gmt":"2026-03-06T10:34:47","guid":{"rendered":"https:\/\/www.mk-journal.de\/?p=24809"},"modified":"2026-03-06T12:35:48","modified_gmt":"2026-03-06T10:35:48","slug":"2025-ein-ereignisreiches-jahr","status":"publish","type":"post","link":"https:\/\/www.mk-journal.de\/index.php\/2026\/03\/06\/2025-ein-ereignisreiches-jahr\/","title":{"rendered":"2025 ein ereignisreiches Jahr"},"content":{"rendered":"<h4><strong>Jahresdienstbesprechung der Freiwillige Feuerwehr Menden in Schwitten<\/strong><\/h4>\n<p>(ots). Die Jahresdienstbesprechung der Freiwilligen Feuerwehr Menden fand jetzt in der Mehrzweckhalle im Ortsteil Schwitten statt. Neben zahlreichen Kameradinnen und Kameraden aus Einsatzabteilungen, Jugend- und Kinderfeuerwehr, Ehrenabteilung sowie den Spielmannsz\u00fcgen begr\u00fc\u00dfte die Wehrleitung Vertreter aus Politik, Verwaltung und befreundeten Organisationen. Musikalisch er\u00f6ffnet wurde die Veranstaltung durch die Spielmannsz\u00fcge aus Mitte und B\u00f6sperde.<\/p>\n<p><strong>Gedenken an verstorbene Kameraden<\/strong><\/p>\n<p>Zu Beginn gedachte die Versammlung der im vergangenen Jahr verstorbenen Kameraden. Besonders gew\u00fcrdigt wurde Unterbrandmeister Markus Budde, der im Alter von nur 55 Jahren verstarb. Seit 1989 engagierte er sich aktiv im Dienst der Feuerwehr und wurde 2024 f\u00fcr 35 Jahre Mitgliedschaft mit dem Feuerwehr-Ehrenzeichen in Gold ausgezeichnet. Die Wehrleitung betonte seine langj\u00e4hrige Verbundenheit und seinen Einsatz f\u00fcr die Kameradschaft.<\/p>\n<p><strong>Gru\u00dfworte von B\u00fcrgermeisterin und Kreisbrandmeister<\/strong><\/p>\n<p>In ihrem Gru\u00dfwort w\u00fcrdigte Manuela Schmidt die hohe Einsatzbereitschaft und Professionalit\u00e4t der Feuerwehr. Sie ging dabei ausdr\u00fccklich auf die Situation der Feuerwehrger\u00e4teh\u00e4user ein und unterstrich die Bedeutung moderner Infrastruktur f\u00fcr eine leistungsf\u00e4hige Gefahrenabwehr. &#8222;Die Feuerwehr Menden kann sich auf die Unterst\u00fctzung von Rat und Verwaltung verlassen. Gute Ausstattung und zeitgem\u00e4\u00dfe Ger\u00e4teh\u00e4user sind keine Luxusfrage, sondern Voraussetzung f\u00fcr Sicherheit in unserer Stadt&#8220;, betonte die B\u00fcrgermeisterin. Mit Blick auf die laufenden und geplanten Bauprojekte sicherte sie zu, die weiteren Schritte konstruktiv zu begleiten. Der stellvertretende Kreisbrandmeister des M\u00e4rkischen Kreises, J\u00f6rg D\u00f6ring, Chef der Feuerwehr der Nachbarstadt Iserlohn, schloss sich\u00a0 den Worten der B\u00fcrgermeisterin an und \u00fcbermittelte den Mendener Feuerwehrkr\u00e4ften den Dank des M\u00e4rkischen Kreises. Er ging besonders auf die sich entwickelnde Weltlage und die daraus auch f\u00fcr die Einsatzkr\u00e4fte entstehenden neuen Aufgaben ein und betonte, wie wichtig es sei, sich auch auf Konflikt- und Krisensituationen und deren Auswirkungen auf den M\u00e4rkischen Kreis vorzubereiten.<\/p>\n<p><strong>Eins\u00e4tze und neue Herausforderungen<\/strong><\/p>\n<p>Nach den Berichten der Kinder- und Jugendfeuerwehr sowie der Ehrenabteilung und der Notfallseelsorge blickte die Wehrf\u00fchrung auf ein ereignisreiches Jahr 2025.\u00a0zur\u00fcck: Zu den markantesten Eins\u00e4tzen z\u00e4hlte ein Gefahrstoffeinsatz im Mendener Rathaus. Auch wenn kein vors\u00e4tzlicher Hintergrund festgestellt wurde, verdeutlichte der Einsatz die ver\u00e4nderten sicherheitspolitischen Rahmenbedingungen, die zunehmend Einfluss auf das Einsatzgeschehen nehmen. &#8222;Die Entwicklung der inneren Sicherheit wirkt sich sp\u00fcrbar auf unser Einsatzgeschehen aus. Darauf m\u00fcssen wir organisatorisch und technisch vorbereitet sein&#8220;, f\u00fchrte die Wehrleitung aus. Die Feuerwehr ist zudem verst\u00e4rkt in die Absicherung von Gro\u00dfveranstaltungen eingebunden. Feste und mobile Terrorsperren erh\u00f6hen zwar die Sicherheit, erschweren jedoch im Ernstfall den Zugang f\u00fcr Rettungskr\u00e4fte &#8211; eine Herausforderung, die pr\u00e4zise Einsatzplanung und enge Abstimmung erfordert.<\/p>\n<p><strong>Moderne Technik und Investitionen<\/strong><\/p>\n<p>Um auf komplexe Einsatzlagen vorbereitet zu sein, wurden eine Einheit f\u00fcr Informations- und Kommunikationstechnik sowie eine Drohneneinheit eingerichtet. Der Einsatzleitungsraum wurde modernisiert und technisch auf den neuesten Stand gebracht. Zudem kann die Feuerwehr nun direkt auf Einsatzdaten der Leitstelle zugreifen &#8211; eine erste \u00dcbung verlief erfolgreich. Auch der Fuhrpark wurde weiter erneuert: Neben einem neuen Einsatzleitwagen an der Hauptwache stehen dort sowie bei der L\u00f6schgruppe Lendringsen neue Hilfeleistungsl\u00f6schgruppenfahrzeuge zur Verf\u00fcgung. Zus\u00e4tzlich wurde ein vollwertiges HLF 20 als Ersatzfahrzeug beschafft.<\/p>\n<p><strong>Feuerwehrh\u00e4user: Fortschritte und Perspektiven<\/strong><\/p>\n<p>Die Neubauten der Feuerwehrh\u00e4user in Schwitten und Halingen konnten 2025 noch nicht offiziell \u00fcbergeben werden. W\u00e4hrend Halingen inzwischen inoffiziell \u00fcbergeben wurde, stehen f\u00fcr Schwitten noch bautechnische Abstimmungen aus. Die offizielle \u00dcbergabe beider Standorte ist &#8211; vorbehaltlich finaler Freigaben &#8211; f\u00fcr April vorgesehen. In Oesbern laufen Bauarbeiten, f\u00fcr den Standort Menden-Mitte ist der Planungsbeginn f\u00fcr 2026 vorgesehen. Ziel bleibt eine Realisierung innerhalb dieses Jahrzehnts. Die Wehrleitung machte deutlich, dass insbesondere am Standort Mitte weiterhin erheblicher Handlungsbedarf besteht.<\/p>\n<p><strong>Ausbildung auf hohem Niveau<\/strong><\/p>\n<p>Die Feuerwehr Menden investiert weiterhin stark in Ausbildung. Insgesamt nahmen zahlreiche Einsatzkr\u00e4fte an Lehrg\u00e4ngen auf Kreis- und Landesebene teil &#8211; darunter Truppf\u00fchrer-, ABC-, Maschinisten- sowie F\u00fchrungslehrg\u00e4nge bis hin zur Zugf\u00fchrer-Qualifikation am Institut der Feuerwehr. Die Wehrleitung sprach allen Teilnehmerinnen und Teilnehmern Dank und Anerkennung aus. Neuaufnahmen, Bef\u00f6rderungen und Ehrungen Insgesamt 15 neue Kameradinnen und Kameraden konnten aus der Jugendfeuerwehr oder anderen Bereichen in den aktiven Dienst \u00fcbernommen werden. Dar\u00fcber hinaus gab es zahlreiche Ernennungen und Bef\u00f6rderungen. F\u00fcr langj\u00e4hrige Zugeh\u00f6rigkeit wurden zahlreiche Mitglieder ausgezeichnet &#8211; unter anderem f\u00fcr 25, 35, 40 und sogar 60 Jahre aktiven Dienst. Besonders gew\u00fcrdigt wurden auch Gr\u00fcndungsmitglieder der Jugendfeuerwehr. Im Rahmen der Versammlung wurde zudem Bernd Steppuhn nach 49 Jahren aktivem Einsatzdienst in die Ehrenabteilung verabschiedet. Sein langj\u00e4hriges Engagement, unter anderem als Maschinist, Atemschutzger\u00e4tewart und Schriftf\u00fchrer, wurde gew\u00fcrdigt und mit gro\u00dfem Applaus anerkannt.<\/p>\n<p><strong>Dank und Ausblick<\/strong><\/p>\n<p>Die Wehrleitung dankte abschlie\u00dfend allen Einsatzkr\u00e4ften, der Verwaltung, der Politik sowie den Familien der Feuerwehrangeh\u00f6rigen f\u00fcr die Unterst\u00fctzung. Mit Blick auf das bevorstehende Jubil\u00e4umsjahr der Stadt Menden und die kommenden Projekte zeigte sich die Feuerwehr gut aufgestellt. Die Organisation und Bewirtung der Veranstaltung \u00fcbernahm die L\u00f6schgruppe Schwitten, der daf\u00fcr besonderer Dank ausgesprochen wurde. Mit dem gemeinsamen Feuerwehrlied und einem Fototermin endete die diesj\u00e4hrige Jahresdienstbesprechung.<\/p>\n","protected":false},"excerpt":{"rendered":"<p>Jahresdienstbesprechung der Freiwillige Feuerwehr Menden in Schwitten (ots). Die Jahresdienstbesprechung  [&#8230;]<\/p>\n","protected":false},"author":3,"featured_media":24810,"comment_status":"closed","ping_status":"closed","sticky":false,"template":"","format":"standard","meta":{"two_page_speed":[],"footnotes":""},"categories":[7],"tags":[],"class_list":["post-24809","post","type-post","status-publish","format-standard","has-post-thumbnail","hentry","category-dies-und-das"],"_links":{"self":[{"href":"https:\/\/www.mk-journal.de\/index.php\/wp-json\/wp\/v2\/posts\/24809","targetHints":{"allow":["GET"]}}],"collection":[{"href":"https:\/\/www.mk-journal.de\/index.php\/wp-json\/wp\/v2\/posts"}],"about":[{"href":"https:\/\/www.mk-journal.de\/index.php\/wp-json\/wp\/v2\/types\/post"}],"author":[{"embeddable":true,"href":"https:\/\/www.mk-journal.de\/index.php\/wp-json\/wp\/v2\/users\/3"}],"replies":[{"embeddable":true,"href":"https:\/\/www.mk-journal.de\/index.php\/wp-json\/wp\/v2\/comments?post=24809"}],"version-history":[{"count":1,"href":"https:\/\/www.mk-journal.de\/index.php\/wp-json\/wp\/v2\/posts\/24809\/revisions"}],"predecessor-version":[{"id":24811,"href":"https:\/\/www.mk-journal.de\/index.php\/wp-json\/wp\/v2\/posts\/24809\/revisions\/24811"}],"wp:featuredmedia":[{"embeddable":true,"href":"https:\/\/www.mk-journal.de\/index.php\/wp-json\/wp\/v2\/media\/24810"}],"wp:attachment":[{"href":"https:\/\/www.mk-journal.de\/index.php\/wp-json\/wp\/v2\/media?parent=24809"}],"wp:term":[{"taxonomy":"category","embeddable":true,"href":"https:\/\/www.mk-journal.de\/index.php\/wp-json\/wp\/v2\/categories?post=24809"},{"taxonomy":"post_tag","embeddable":true,"href":"https:\/\/www.mk-journal.de\/index.php\/wp-json\/wp\/v2\/tags?post=24809"}],"curies":[{"name":"wp","href":"https:\/\/api.w.org\/{rel}","templated":true}]}}