{"id":25686,"date":"2026-04-26T10:11:59","date_gmt":"2026-04-26T08:11:59","guid":{"rendered":"https:\/\/www.mk-journal.de\/?p=25686"},"modified":"2026-04-26T10:11:59","modified_gmt":"2026-04-26T08:11:59","slug":"flaechenbrand-am-luenkerhohl-in-iserlohn","status":"publish","type":"post","link":"https:\/\/www.mk-journal.de\/index.php\/2026\/04\/26\/flaechenbrand-am-luenkerhohl-in-iserlohn\/","title":{"rendered":"Fl\u00e4chenbrand am &#8222;L\u00fcnkerhohl&#8220; in Iserlohn"},"content":{"rendered":"<p>(ots). Der Waldbrandzug der Berufsfeuerwehr Iserlohn wurde am Samstag gegen 16:30 Uhr in die Stra\u00dfe &#8222;L\u00fcnkerhohl&#8220; gerufen. Dort war es aus bisher ungekl\u00e4rter Ursache zu einem Fl\u00e4chenbrand auf rund 200 Quadratmetern Waldboden gekommen. Da sich das Feuer beim Eintreffen der ersten Einsatzkr\u00e4fte in Richtung Hardtstra\u00dfe ausgebreitet hatte, wurde die L\u00f6schgruppe Stadtmitte der Freiwilligen Feuerwehr nachalarmiert. Durch die Berufsfeuerwehr wurden drei C-Rohre zum L\u00f6schangriff eingesetzt, sowie im Anschluss drei Trupps durch die Freiwillige Feuerwehr zum Umgraben des Waldbodens.<\/p>\n<p><strong>20 Kr\u00e4fte im Einsatz<\/strong><\/p>\n<p>Nach rund 60 Minuten konnten auch durch die W\u00e4rmebildkamera keine Glutnester mehr ausfindig gemacht werden und der Einsatz war f\u00fcr alle 20 Einsatzkr\u00e4fte beendet. Die Feuerwache an der Dortmunder Stra\u00dfe wurden w\u00e4hrend des Einsatzes durch die L\u00f6schgruppen Bremke, Letmathe und die Sondereinheit-Funk der Freiwilligen Feuerwehr besetzt.<\/p>\n","protected":false},"excerpt":{"rendered":"<p>(ots). Der Waldbrandzug der Berufsfeuerwehr Iserlohn wurde am Samstag gegen  [&#8230;]<\/p>\n","protected":false},"author":3,"featured_media":25687,"comment_status":"closed","ping_status":"closed","sticky":false,"template":"","format":"standard","meta":{"two_page_speed":[],"footnotes":""},"categories":[3],"tags":[],"class_list":["post-25686","post","type-post","status-publish","format-standard","has-post-thumbnail","hentry","category-polizeimeldungen"],"_links":{"self":[{"href":"https:\/\/www.mk-journal.de\/index.php\/wp-json\/wp\/v2\/posts\/25686","targetHints":{"allow":["GET"]}}],"collection":[{"href":"https:\/\/www.mk-journal.de\/index.php\/wp-json\/wp\/v2\/posts"}],"about":[{"href":"https:\/\/www.mk-journal.de\/index.php\/wp-json\/wp\/v2\/types\/post"}],"author":[{"embeddable":true,"href":"https:\/\/www.mk-journal.de\/index.php\/wp-json\/wp\/v2\/users\/3"}],"replies":[{"embeddable":true,"href":"https:\/\/www.mk-journal.de\/index.php\/wp-json\/wp\/v2\/comments?post=25686"}],"version-history":[{"count":1,"href":"https:\/\/www.mk-journal.de\/index.php\/wp-json\/wp\/v2\/posts\/25686\/revisions"}],"predecessor-version":[{"id":25688,"href":"https:\/\/www.mk-journal.de\/index.php\/wp-json\/wp\/v2\/posts\/25686\/revisions\/25688"}],"wp:featuredmedia":[{"embeddable":true,"href":"https:\/\/www.mk-journal.de\/index.php\/wp-json\/wp\/v2\/media\/25687"}],"wp:attachment":[{"href":"https:\/\/www.mk-journal.de\/index.php\/wp-json\/wp\/v2\/media?parent=25686"}],"wp:term":[{"taxonomy":"category","embeddable":true,"href":"https:\/\/www.mk-journal.de\/index.php\/wp-json\/wp\/v2\/categories?post=25686"},{"taxonomy":"post_tag","embeddable":true,"href":"https:\/\/www.mk-journal.de\/index.php\/wp-json\/wp\/v2\/tags?post=25686"}],"curies":[{"name":"wp","href":"https:\/\/api.w.org\/{rel}","templated":true}]}}