{"id":25689,"date":"2026-04-26T10:24:29","date_gmt":"2026-04-26T08:24:29","guid":{"rendered":"https:\/\/www.mk-journal.de\/?p=25689"},"modified":"2026-04-26T10:24:29","modified_gmt":"2026-04-26T08:24:29","slug":"15-jaehriger-angefahren-und-schwer-verletzt","status":"publish","type":"post","link":"https:\/\/www.mk-journal.de\/index.php\/2026\/04\/26\/15-jaehriger-angefahren-und-schwer-verletzt\/","title":{"rendered":"15-J\u00e4hriger angefahren und schwer verletzt"},"content":{"rendered":"<p>(ots). Am Freitag gegen 14.25 Uhr kam es in Plettenberg, in der Offenbornstra\u00dfe, an der dortigen Bushaltestelle &#8222;Am Untertor&#8220;, zu einem Verkehrsunfall. Ein 57-j\u00e4hriger Plettenberger befuhr mit seinem VW die Offenbornstra\u00dfe in Fahrtrichtung Bahnhofstra\u00dfe als zwei Fu\u00dfg\u00e4nger zwischen zwei an der Bushaltestelle stehenden Bussen unvermittelt auf die Stra\u00dfe liefen.<\/p>\n<p>Der Fahrzeugf\u00fchrer leitete noch eine Gefahrenbremsung ein, konnte jedoch einen Zusammensto\u00df mit einem der beiden Fu\u00dfg\u00e4nger, einem 15-j\u00e4hrigen Plettenberger, nicht mehr verhindern. Der 15-J\u00e4hrige wurde bei dem Unfall schwer verletzt. Er wurde ins Klinikum L\u00fcdenscheid gebracht, wo er station\u00e4r aufgenommen wurde. Am Fahrzeug wurde die Windschutzscheibe besch\u00e4digt. Die Offenbornstra\u00dfe musste im Rahmen der Unfallaufnahme f\u00fcr ca. 45 Minuten voll gesperrt werden.<\/p>\n<p><strong>Zusammensto\u00df in Menden<\/strong><\/p>\n<p>Am Samstag gegen 21.00 Uhr kam es auf dem Br\u00e4ukerweg in Menden zu einem Verkehrsunfall. Ein 50-j\u00e4hriger Autofahrer aus Menden befuhr mit seinem VW den Br\u00e4ukerweg, aus Richtung Innenstadt kommend, in Fahrtrichtung Iserlohn-S\u00fcmmern. An der Einm\u00fcndung Br\u00e4ukerweg\/Ostpreu\u00dfenstra\u00dfe beabsichtigte der 50-J\u00e4hrige mit seinem Pkw nach links in die Ostpreu\u00dfenstra\u00dfe einzubiegen. Nach Zeugenangaben soll er zum Unfallzeitpunkt auf seiner Fahrbahn gestanden und den Abbiegevorgang noch nicht eingeleitet haben.<\/p>\n<p><strong>Unfallursache noch ungekl\u00e4rt<\/strong><\/p>\n<p>Ein 20-j\u00e4hriger Verkehrsteilnehmer aus Menden befuhr mit seinem BMW den Br\u00e4ukerweg aus Richtung Iserlohn-S\u00fcmmern kommend in Fahrtrichtung Innenstadt. Im Einm\u00fcndungsbereich Br\u00e4ukerweg\/Ostpreu\u00dfenstra\u00dfe kam es aus bislang ungekl\u00e4rter Ursache zur Kollision beider Fahrzeuge. Beide Unfallfahrzeuge wurden f\u00fcr weitere Untersuchungen von der Polizei sichergestellt. Der Br\u00e4ukerweg musste im Rahmen der Unfallaufnahme f\u00fcr die Dauer von ca. 2 Stunden voll gesperrt werden.<\/p>\n","protected":false},"excerpt":{"rendered":"<p>(ots). Am Freitag gegen 14.25 Uhr kam es in Plettenberg,  [&#8230;]<\/p>\n","protected":false},"author":3,"featured_media":25690,"comment_status":"closed","ping_status":"closed","sticky":false,"template":"","format":"standard","meta":{"two_page_speed":[],"footnotes":""},"categories":[3],"tags":[],"class_list":["post-25689","post","type-post","status-publish","format-standard","has-post-thumbnail","hentry","category-polizeimeldungen"],"_links":{"self":[{"href":"https:\/\/www.mk-journal.de\/index.php\/wp-json\/wp\/v2\/posts\/25689","targetHints":{"allow":["GET"]}}],"collection":[{"href":"https:\/\/www.mk-journal.de\/index.php\/wp-json\/wp\/v2\/posts"}],"about":[{"href":"https:\/\/www.mk-journal.de\/index.php\/wp-json\/wp\/v2\/types\/post"}],"author":[{"embeddable":true,"href":"https:\/\/www.mk-journal.de\/index.php\/wp-json\/wp\/v2\/users\/3"}],"replies":[{"embeddable":true,"href":"https:\/\/www.mk-journal.de\/index.php\/wp-json\/wp\/v2\/comments?post=25689"}],"version-history":[{"count":1,"href":"https:\/\/www.mk-journal.de\/index.php\/wp-json\/wp\/v2\/posts\/25689\/revisions"}],"predecessor-version":[{"id":25691,"href":"https:\/\/www.mk-journal.de\/index.php\/wp-json\/wp\/v2\/posts\/25689\/revisions\/25691"}],"wp:featuredmedia":[{"embeddable":true,"href":"https:\/\/www.mk-journal.de\/index.php\/wp-json\/wp\/v2\/media\/25690"}],"wp:attachment":[{"href":"https:\/\/www.mk-journal.de\/index.php\/wp-json\/wp\/v2\/media?parent=25689"}],"wp:term":[{"taxonomy":"category","embeddable":true,"href":"https:\/\/www.mk-journal.de\/index.php\/wp-json\/wp\/v2\/categories?post=25689"},{"taxonomy":"post_tag","embeddable":true,"href":"https:\/\/www.mk-journal.de\/index.php\/wp-json\/wp\/v2\/tags?post=25689"}],"curies":[{"name":"wp","href":"https:\/\/api.w.org\/{rel}","templated":true}]}}