{"id":25693,"date":"2026-04-26T10:52:31","date_gmt":"2026-04-26T08:52:31","guid":{"rendered":"https:\/\/www.mk-journal.de\/?p=25693"},"modified":"2026-04-26T10:52:31","modified_gmt":"2026-04-26T08:52:31","slug":"maifest-auf-dem-letnetti-platz","status":"publish","type":"post","link":"https:\/\/www.mk-journal.de\/index.php\/2026\/04\/26\/maifest-auf-dem-letnetti-platz\/","title":{"rendered":"Maifest auf dem Letnetti-Platz"},"content":{"rendered":"<h4><strong>Werbegemeinschaft stellt erstmals Maibaum auf<\/strong><\/h4>\n<p><strong>Von Hendrik Klein<\/strong><\/p>\n<p>Eins kann man Paul Nowak und dessen Vorstandsteam von der Letmather Werbegemeinschaft wahrlich nicht nachsagen \u2013 dass sie keine Ideen haben. Br\u00fcckenfest, Weihnachtsmarkt, verkaufsoffene Sonntage \u2013 und jetzt auch noch ein dreit\u00e4giges Maifest. Vom 1. bis 3. Mai wird auf dem Letnetti-Platz mit einer kleinen Kirmes, Bierwagen, Verkaufsstand und z\u00fcnftiger Musik das lange Wochenende gefeiert. \u201eH\u00f6hepunkt ist nat\u00fcrlich am Maifeiertag um 11:00 Uhr das Aufstellen des Maibaums. Dazu hat der B\u00fcrgermeister sein Kommen angek\u00fcndigt und die Letmather Sch\u00fctzen packen tatkr\u00e4ftig mit an\u201c, verr\u00e4t Paul Nowak.<\/p>\n<p><strong>Kinderkarussell und Autoscooter<\/strong><\/p>\n<p>Auf dem f\u00fcr das Fest gesperrten Parkplatz nebenan wird eine kleine Kirmes f\u00fcr Kurzweil bei den Besucherinnen und Besuchern sorgen. F\u00fcr die J\u00fcngsten wird ein Kinderkarussell aufgebaut, die Jugendlichen und \u00e4lteren Semester k\u00f6nnen auf dem Autoscooter von Wertegemeinschaft-Vorsitzenden Thomas Wendler ihre Runden drehen. Ein Bier- sowie ein S\u00fc\u00dfigkeitenstand komplettieren das Angebot.<\/p>\n<p><strong>Gesch\u00e4fte bis 21:00 Uhr ge\u00f6ffnet<\/strong><\/p>\n<p>Paul Nowak: \u201eAm Samstag werden viele Kaufleute ihre Gesch\u00e4fte in der Letmather Innenstadt bis 21:00 Uhr offen haben und so den B\u00fcrgern eine M\u00f6glichkeit bieten, ihre Fr\u00fchlingsmode zu kaufen. Am Sonntag wird die kleine Kirmes bis 22:00 Uhr ge\u00f6ffnet bleiben.\u201c<\/p>\n","protected":false},"excerpt":{"rendered":"<p>Werbegemeinschaft stellt erstmals Maibaum auf Von Hendrik Klein Eins kann  [&#8230;]<\/p>\n","protected":false},"author":3,"featured_media":25694,"comment_status":"closed","ping_status":"closed","sticky":false,"template":"","format":"standard","meta":{"two_page_speed":[],"footnotes":""},"categories":[13],"tags":[],"class_list":["post-25693","post","type-post","status-publish","format-standard","has-post-thumbnail","hentry","category-was-und-wo"],"_links":{"self":[{"href":"https:\/\/www.mk-journal.de\/index.php\/wp-json\/wp\/v2\/posts\/25693","targetHints":{"allow":["GET"]}}],"collection":[{"href":"https:\/\/www.mk-journal.de\/index.php\/wp-json\/wp\/v2\/posts"}],"about":[{"href":"https:\/\/www.mk-journal.de\/index.php\/wp-json\/wp\/v2\/types\/post"}],"author":[{"embeddable":true,"href":"https:\/\/www.mk-journal.de\/index.php\/wp-json\/wp\/v2\/users\/3"}],"replies":[{"embeddable":true,"href":"https:\/\/www.mk-journal.de\/index.php\/wp-json\/wp\/v2\/comments?post=25693"}],"version-history":[{"count":1,"href":"https:\/\/www.mk-journal.de\/index.php\/wp-json\/wp\/v2\/posts\/25693\/revisions"}],"predecessor-version":[{"id":25695,"href":"https:\/\/www.mk-journal.de\/index.php\/wp-json\/wp\/v2\/posts\/25693\/revisions\/25695"}],"wp:featuredmedia":[{"embeddable":true,"href":"https:\/\/www.mk-journal.de\/index.php\/wp-json\/wp\/v2\/media\/25694"}],"wp:attachment":[{"href":"https:\/\/www.mk-journal.de\/index.php\/wp-json\/wp\/v2\/media?parent=25693"}],"wp:term":[{"taxonomy":"category","embeddable":true,"href":"https:\/\/www.mk-journal.de\/index.php\/wp-json\/wp\/v2\/categories?post=25693"},{"taxonomy":"post_tag","embeddable":true,"href":"https:\/\/www.mk-journal.de\/index.php\/wp-json\/wp\/v2\/tags?post=25693"}],"curies":[{"name":"wp","href":"https:\/\/api.w.org\/{rel}","templated":true}]}}