{"id":25696,"date":"2026-04-26T11:10:48","date_gmt":"2026-04-26T09:10:48","guid":{"rendered":"https:\/\/www.mk-journal.de\/?p=25696"},"modified":"2026-04-26T11:10:48","modified_gmt":"2026-04-26T09:10:48","slug":"girls-day-im-bundestag","status":"publish","type":"post","link":"https:\/\/www.mk-journal.de\/index.php\/2026\/04\/26\/girls-day-im-bundestag\/","title":{"rendered":"Girls\u2019 Day im Bundestag"},"content":{"rendered":"<h4>Bettina Lugk begr\u00fc\u00dft Ina Hein aus Iserlohn in Berlin<\/h4>\n<p>(EB). Einen Blick hinter die Kulissen des parlamentarischen Alltags werfen \u2013 diese M\u00f6glichkeit bot sich jetzt Ina Hein aus Iserlohn. Anl\u00e4sslich des bundesweiten Girls\u2019 Day folgte sie der Einladung der heimischen SPD-Bundestagsabgeordneten ins politische Berlin und nahm dort am Programm der SPD-Bundestagsfraktion teil. Rund 60 junge Frauen aus dem gesamten Bundesgebiet waren an diesem Tag in die Hauptstadt gereist, um ihre jeweiligen SPD-Bundestagsabgeordneten zu begleiten und den politischen Alltag im Bundestag aus n\u00e4chster N\u00e4he kennenzulernen.<\/p>\n<p><strong>Spannende Einblicke<\/strong><\/p>\n<p>Gemeinsam mit den anderen Teilnehmerinnen erhielt Ina Hein spannende Einblicke in die Arbeit im Deutschen Bundestag. Neben Gespr\u00e4chen mit Abgeordneten standen auch interaktive Programmpunkte auf dem Plan, bei denen die Sch\u00fclerinnen selbst aktiv werden konnten \u2013 etwa in einem Planspiel zur Gesetzgebung. \u201eIch freue mich sehr, dass Ina Hein den Weg nach Berlin gefunden hat und den politischen Alltag hier hautnah erleben konnte\u201c, betonte Bettina Lugk. \u201eGerade solche Angebote sind wichtig, um jungen Frauen zu zeigen, dass Politik von vielf\u00e4ltigen Perspektiven lebt und sie aktiv mitgestaltet werden kann.\u201c<\/p>\n<p><strong>Fr\u00fch Interesse wecken<\/strong><\/p>\n<p>Im Rahmen des Girls\u2019 Day hatten die Teilnehmerinnen die Gelegenheit, sich untereinander zu vernetzen und mit Politikerinnen \u00fcber ihren Werdegang sowie aktuelle politische Themen zu sprechen. Ziel des Aktionstages ist es, M\u00e4dchen und jungen Frauen Einblicke in bislang unterrepr\u00e4sentierte Bereiche zu erm\u00f6glichen \u2013 dazu geh\u00f6rt auch die Politik. \u201eEs ist wichtig, fr\u00fch Interesse zu wecken und Mut zu machen, eigene Ideen einzubringen. Vielleicht sehen wir die eine oder andere Teilnehmerin ja in Zukunft selbst in politischer Verantwortung wieder\u201c, so Bettina Lugk abschlie\u00dfend.<\/p>\n","protected":false},"excerpt":{"rendered":"<p>Bettina Lugk begr\u00fc\u00dft Ina Hein aus Iserlohn in Berlin (EB).  [&#8230;]<\/p>\n","protected":false},"author":3,"featured_media":25697,"comment_status":"closed","ping_status":"closed","sticky":false,"template":"","format":"standard","meta":{"two_page_speed":[],"footnotes":""},"categories":[7],"tags":[],"class_list":["post-25696","post","type-post","status-publish","format-standard","has-post-thumbnail","hentry","category-dies-und-das"],"_links":{"self":[{"href":"https:\/\/www.mk-journal.de\/index.php\/wp-json\/wp\/v2\/posts\/25696","targetHints":{"allow":["GET"]}}],"collection":[{"href":"https:\/\/www.mk-journal.de\/index.php\/wp-json\/wp\/v2\/posts"}],"about":[{"href":"https:\/\/www.mk-journal.de\/index.php\/wp-json\/wp\/v2\/types\/post"}],"author":[{"embeddable":true,"href":"https:\/\/www.mk-journal.de\/index.php\/wp-json\/wp\/v2\/users\/3"}],"replies":[{"embeddable":true,"href":"https:\/\/www.mk-journal.de\/index.php\/wp-json\/wp\/v2\/comments?post=25696"}],"version-history":[{"count":1,"href":"https:\/\/www.mk-journal.de\/index.php\/wp-json\/wp\/v2\/posts\/25696\/revisions"}],"predecessor-version":[{"id":25698,"href":"https:\/\/www.mk-journal.de\/index.php\/wp-json\/wp\/v2\/posts\/25696\/revisions\/25698"}],"wp:featuredmedia":[{"embeddable":true,"href":"https:\/\/www.mk-journal.de\/index.php\/wp-json\/wp\/v2\/media\/25697"}],"wp:attachment":[{"href":"https:\/\/www.mk-journal.de\/index.php\/wp-json\/wp\/v2\/media?parent=25696"}],"wp:term":[{"taxonomy":"category","embeddable":true,"href":"https:\/\/www.mk-journal.de\/index.php\/wp-json\/wp\/v2\/categories?post=25696"},{"taxonomy":"post_tag","embeddable":true,"href":"https:\/\/www.mk-journal.de\/index.php\/wp-json\/wp\/v2\/tags?post=25696"}],"curies":[{"name":"wp","href":"https:\/\/api.w.org\/{rel}","templated":true}]}}