{"id":25739,"date":"2026-04-28T11:06:23","date_gmt":"2026-04-28T09:06:23","guid":{"rendered":"https:\/\/www.mk-journal.de\/?p=25739"},"modified":"2026-04-28T11:06:23","modified_gmt":"2026-04-28T09:06:23","slug":"b236-in-altena-sieben-monate-gesperrt","status":"publish","type":"post","link":"https:\/\/www.mk-journal.de\/index.php\/2026\/04\/28\/b236-in-altena-sieben-monate-gesperrt\/","title":{"rendered":"B236 in Altena sieben Monate gesperrt"},"content":{"rendered":"<p><strong>Abbau der H\u00f6henbegrenzung &#8211; Bau einer Behelfsbr\u00fccke<\/strong><\/p>\n<p>(stra\u00dfen.nrw). Die Stra\u00dfen.NRW-Regionalniederlassung S\u00fcdwestfalen beginnt ab Samstag, 09. Mai, mit dem Umbau der sehr umfangreichen Umleitungsbeschilderung, die f\u00fcr den Bau der Behelfsbr\u00fccke \u00fcber die DB-Strecke erforderlich ist. Durch den R\u00fcckbau der bestehenden H\u00f6henbegrenzer am DB-Bauwerk muss die B236 ab Samstag voll gesperrt werden. In der anstehenden Bauphase wird eine fu\u00dfl\u00e4ufige Verbindung \u00fcber die DB-Br\u00fccke m\u00f6glich sein. Mit den Vorarbeiten zum Bau der Behelfsbr\u00fccke \u00fcber der Bahnstrecke im Zuge der B236 (Bahnhofstra\u00dfe) in Altena wird ab Montag, 11. Mai, begonnen. Die Vollsperrung wird voraussichtlich sieben Monate dauern.<\/p>\n<p><strong>Umleitung in beide Richtungen<\/strong><\/p>\n<p>Der Verkehr wird f\u00fcr die Zeit der Vollsperrung \u00fcber folgende Stra\u00dfen in beiden Richtungen umgeleitet: Die B236 \u00fcber Nachrodt-Wiblingwerde bis Iserlohn zur L743 (Untergr\u00fcner Str.), die K17 (Im H\u00fctten\/Hellweg), die L648 (Dortmunder Str.), L743 (Hans-B\u00f6ckler Str.), den Kurt-Schumacher-Ring, An der Schlacht, L648 (Obere M\u00fchle\/In der L\u00e4ger\/Kesberner Str.), dann \u00fcber Hemer-Ihmert zur L888 (Westendorferstra\u00dfe), die L683 (Ihmerterstr.), und Altena \u00fcber die L698 (Westiger Str.\/ Nettestra\u00dfe\/Bachstra\u00dfe\/Fritz-Berg-Br\u00fccke).<\/p>\n<p><strong>Bauarbeiten Linscheidbr\u00fccke<\/strong><\/p>\n<p>Von der Vollsperrung sind auch die Arbeiten an der in unmittelbarer N\u00e4he befindliche Linscheidbr\u00fccke in Altena betroffen. F\u00fcr die verkehrlichen Ma\u00dfnahmen, die f\u00fcr die Bauma\u00dfnahme erforderlich werden, haben im Vorfeld enge Abstimmungen mit allen betroffenen Beh\u00f6rden stattgefunden.<\/p>\n","protected":false},"excerpt":{"rendered":"<p>Abbau der H\u00f6henbegrenzung &#8211; Bau einer Behelfsbr\u00fccke (stra\u00dfen.nrw). Die Stra\u00dfen.NRW-Regionalniederlassung  [&#8230;]<\/p>\n","protected":false},"author":3,"featured_media":25740,"comment_status":"closed","ping_status":"closed","sticky":false,"template":"","format":"standard","meta":{"two_page_speed":[],"footnotes":""},"categories":[7],"tags":[],"class_list":["post-25739","post","type-post","status-publish","format-standard","has-post-thumbnail","hentry","category-dies-und-das"],"_links":{"self":[{"href":"https:\/\/www.mk-journal.de\/index.php\/wp-json\/wp\/v2\/posts\/25739","targetHints":{"allow":["GET"]}}],"collection":[{"href":"https:\/\/www.mk-journal.de\/index.php\/wp-json\/wp\/v2\/posts"}],"about":[{"href":"https:\/\/www.mk-journal.de\/index.php\/wp-json\/wp\/v2\/types\/post"}],"author":[{"embeddable":true,"href":"https:\/\/www.mk-journal.de\/index.php\/wp-json\/wp\/v2\/users\/3"}],"replies":[{"embeddable":true,"href":"https:\/\/www.mk-journal.de\/index.php\/wp-json\/wp\/v2\/comments?post=25739"}],"version-history":[{"count":1,"href":"https:\/\/www.mk-journal.de\/index.php\/wp-json\/wp\/v2\/posts\/25739\/revisions"}],"predecessor-version":[{"id":25741,"href":"https:\/\/www.mk-journal.de\/index.php\/wp-json\/wp\/v2\/posts\/25739\/revisions\/25741"}],"wp:featuredmedia":[{"embeddable":true,"href":"https:\/\/www.mk-journal.de\/index.php\/wp-json\/wp\/v2\/media\/25740"}],"wp:attachment":[{"href":"https:\/\/www.mk-journal.de\/index.php\/wp-json\/wp\/v2\/media?parent=25739"}],"wp:term":[{"taxonomy":"category","embeddable":true,"href":"https:\/\/www.mk-journal.de\/index.php\/wp-json\/wp\/v2\/categories?post=25739"},{"taxonomy":"post_tag","embeddable":true,"href":"https:\/\/www.mk-journal.de\/index.php\/wp-json\/wp\/v2\/tags?post=25739"}],"curies":[{"name":"wp","href":"https:\/\/api.w.org\/{rel}","templated":true}]}}