{"id":25753,"date":"2026-04-29T10:10:14","date_gmt":"2026-04-29T08:10:14","guid":{"rendered":"https:\/\/www.mk-journal.de\/?p=25753"},"modified":"2026-04-29T10:10:14","modified_gmt":"2026-04-29T08:10:14","slug":"zweiraeder-im-blick-bei-aktionstag-der-polizei","status":"publish","type":"post","link":"https:\/\/www.mk-journal.de\/index.php\/2026\/04\/29\/zweiraeder-im-blick-bei-aktionstag-der-polizei\/","title":{"rendered":"&#8222;Zweir\u00e4der im Blick&#8220; bei Aktionstag der Polizei"},"content":{"rendered":"<p>(ots). Am Dienstag hatte die Polizei ganz besonders &#8222;Zweir\u00e4der im Blick&#8220;. So lautete der Titel eines &#8222;Sicher Mobil Leben&#8220;-Aktionstages gegen Unfallgefahren f\u00fcr E-Scooter-, Fahrrad- und Motorradfahrer. An verschiedenen Orten mit gew\u00f6hnlich hohem Aufkommen von Motorradfahrern kontrollierten Einsatzkr\u00e4fte den Verkehr. In der Iserlohner Innenstadt kamen die Polizeibeamtinnen und -beamten sowie Mitarbeiter des st\u00e4dtischen Ordnungsamtes ins Gespr\u00e4ch mit E-Scooter- und Fahrradfahrern.<\/p>\n<p><strong>Lob f\u00fcr richtiges Verhalten<\/strong><\/p>\n<p>Nicht jeder schob dort sein Gef\u00e4hrt durch den Fu\u00dfg\u00e4ngerbereich, wie es eigentlich sein m\u00fcsste. Wer sich richtig verhielt, bekam ein Lob. Die ertappten Verkehrss\u00fcnder r\u00e4umten ihr falsches Verhalten in der Regel ein und kamen mit ein paar freundlichen Ermahnungen davon. Es gab aber auch Strafverfahren und Punkte. So stoppten die Polizeibeamten einen dreizehnj\u00e4hrigen Jungen, der auf einem E-Scooter ohne Versicherungsschutz durch die Fu\u00dfg\u00e4ngerzone fuhr. Das ergibt gleich drei Verst\u00f6\u00dfe. Polizeibeamte begleiteten ihn zu seinem Vater.<\/p>\n<p><strong>E-Scooter sind Kraftfahrzeuge<\/strong><\/p>\n<p>E-Scooter gelten als Kraftfahrzeuge. Auf dem Gehweg oder eben in Fu\u00dfg\u00e4ngerzonen m\u00fcssen die Fahrer absteigen. Das Mindestalter liegt bei 14 Jahren. Und neben einer Betriebserlaubnis m\u00fcssen die schnellen Flitzer eine Versicherung haben. Daf\u00fcr ist ein Nachweis mitzuf\u00fchren. Wer jetzt noch immer mit einem gr\u00fcnen Versicherungskennzeichen f\u00e4hrt, dessen Versicherung ist abgelaufen und er begeht eine Straftat (Versto\u00df gegen das Pflichtversicherungsgesetz). Schwarze Schilder signalisieren einen aktuellen Schutz. E-Scooter sind kein Kinderspielzeug.<\/p>\n<p><strong>Strafverfahren und Punkt in Flensburg<\/strong><\/p>\n<p>Der Punkt in Flensburg und das Strafverfahren gehen bei Verst\u00f6\u00dfen durch Minderj\u00e4hrige auf das Konto der Eltern oder der Person, die eine verbotene Nutzung erm\u00f6glicht oder zugelassen hat. Beim Genuss von Alkohol gelten dieselben Regeln wie f\u00fcr Pkw &#8211; beispielsweise die 0-Promille-Grenze f\u00fcr unter 21-J\u00e4hrige. Die Zahl der bei Unf\u00e4llen verletzten Nutzer von Elektrokleinstfahrzeugen ist in den vergangenen Jahren um \u00fcber 700 Prozent gestiegen: Im vergangenen Jahr gab es 63 Unf\u00e4lle mit 49 Verletzten, davon knapp ein Drittel Jugendliche.<\/p>\n<p>Im bergigen M\u00e4rkischen Kreis erfreut sich das Pedelec immer weiter steigender Beliebtheit und bringt auch unge\u00fcbte Fahrerinnen und Fahrer auf den Sattel. Auch das zeigt sich in den Unfallzahlen. 312-mal waren im vergangenen Jahr Fahrrad- oder E-Bike-Fahrer in Unf\u00e4lle verwickelt. Oft handelte es sich um Alleinunf\u00e4lle und manchmal lag die Hauptursache am Alkoholpegel im Blut.<\/p>\n<p><strong>Helm wird empfohlen<\/strong><\/p>\n<p>Das Tragen von Helmen ist f\u00fcr E-Scooter- oder Fahrradfahrer ist zwar nicht vorgeschrieben. Dennoch empfiehlt es die Polizei angesichts der hohen Verletzungsgefahr. Polizeihauptkommissarin Isabel Fr\u00f6hlich von Verkehrsunfallpr\u00e4vention\/Opferschutz der Polizei brachte es am Dienstag beim Einsatz in der Iserlohner Fu\u00dfg\u00e4ngerzone auf den Punkt: &#8222;Sein Handy sch\u00fctzt man in einer H\u00fclle &#8211; warum nicht auch den Kopf?&#8220;<\/p>\n<p><strong>Nur zwei Biker zu schnell<\/strong><\/p>\n<p>Weiter im Fokus der m\u00e4rkischen Polizei bleiben die st\u00e4rker motorisierten Zweiradfahrer. Deshalb bauten die Beamten mehrere Kontrollstellen gleichzeitig vor allem an den bei Motorradfahrern beliebten Strecken auf. Dazu geh\u00f6rten die Nordhelle in Meinerzhagen und der Kohlberg zwischen Neuenrade und Altena. Es gab technische Kontrollen sowie Tempomessungen. Die Zahl der &#8222;geblitzten&#8220; Motorradfahrer hielt sich mit zwei erfreulicherweise stark in Grenzen. Einer von ihnen war ein Niederl\u00e4nder, der bei seiner Fahrt durch L\u00fcdenscheid 32 km\/h zu viel auf dem Tacho hatte. Insgesamt 194 zu eilige Verkehrsteilnehmer m\u00fcssen Bu\u00dfgelder zahlen. Zu hohe und nicht angepasste Geschwindigkeit bleibt eine Haupt-Unfallursache f\u00fcr Unf\u00e4lle mit schwersten Folgen. Im vergangenen Jahr verungl\u00fcckten im Kreisgebiet 98 Motorradfahrende &#8211; drei davon t\u00f6dlich und 35 mit schwerwiegenden Verletzungen.<\/p>\n<p><strong>Immer mehr nutzen Kopfh\u00f6rer<\/strong><\/p>\n<p>Auch bei Kontrollen am Dienstag nutzten die Polizeibeamten die Gelegenheit, auf Gefahren aufmerksam zu machen. Gute Schutzkleidung entscheidet im Ernstfall \u00fcber Leben oder Tod. Immer mehr Verkehrsteilnehmer nutzen Kopfh\u00f6rer, zum Teil mit Noise Cancelling. Beim Musikgenuss im lauten Flieger mag das Ausblenden st\u00f6render Ger\u00e4usche sinnvoll sein. Auf der Stra\u00dfe sollten jedoch alle Sinne auf das Verkehrsgeschehen ausgerichtet sein. Selbst, wer alle Regeln einh\u00e4lt und immer aufmerksam f\u00e4hrt, muss mit Fehlern anderer Verkehrsteilnehmer rechnen. Deshalb ruft die Polizei Pkw- und Lkw-Fahrer auf, jetzt in der w\u00e4rmer werdenden Jahreszeit st\u00e4rker auf Zweiradfahrer zu achten. Deren schmale Silhouette kann sich schnell hinter einem Seitenholm verbergen. Die Polizei k\u00fcndigt weitere Kontrollen an und beh\u00e4lt das Verkehrsgeschehen auch an den Wochenenden im Blick.<\/p>\n<p><strong>Ergebnisse der Radarkontrollstellen:<\/strong><\/p>\n<p>Am st\u00e4rksten frequentiert war die Messstelle am H\u00f6henweg (L 655) in Werdohl. Unter den 2.855 zwischen zwischen 11.26 und 17 Uhr Fahrzeugen fielen 43 Verwarngelder und 11 Anzeigen an. Ein Pkw-Fahrer (MK) muss zudem mit einem Fahrverbot rechnen: Er passierte die 70er-Zone mit einer Geschwindigkeit von 118 km\/h. In Werdohl am Nordheller Weg (L 655) blieb es zwischen 11:25 und 14:10 Uhr ruhig. Von 820 kontrollierten Fahrzeugen war lediglich ein Pkw-Fahrer (MK) geringf\u00fcgig zu schnell (60 statt 50 km\/h).<\/p>\n<p>Deutlich mehr Verst\u00f6\u00dfe registrierten die Beamten an der Werdohler Landstra\u00dfe in L\u00fcdenscheid-Wettringhof. Hier waren zwischen 14.30 und 16.45 Uhr 46 Fahrer zu eilig; gegen drei von ihnen wurden Ordnungswidrigkeitenanzeigen gefertigt. Den negativen Spitzenwert lieferte ein Kradfahrer mit niederl\u00e4ndischer Zulassung, der mit 82 km\/h bei erlaubten 50 km\/h gemessen wurde.<\/p>\n<p>In Neuenrade an der K\u00fcntroper Stra\u00dfe wurden zwischen 11.30 und 16.30 Uhr 2.365 Fahrzeuge gepr\u00fcft. Die Bilanz: 77 Verwarngelder und 17 Anzeigen. Ein Pkw (MK) wurde hier mit 109 km\/h statt der zul\u00e4ssigen 70 km\/h geblitzt.<\/p>\n","protected":false},"excerpt":{"rendered":"<p>(ots). Am Dienstag hatte die Polizei ganz besonders &#8222;Zweir\u00e4der im  [&#8230;]<\/p>\n","protected":false},"author":3,"featured_media":25754,"comment_status":"closed","ping_status":"closed","sticky":false,"template":"","format":"standard","meta":{"two_page_speed":[],"footnotes":""},"categories":[3],"tags":[],"class_list":["post-25753","post","type-post","status-publish","format-standard","has-post-thumbnail","hentry","category-polizeimeldungen"],"_links":{"self":[{"href":"https:\/\/www.mk-journal.de\/index.php\/wp-json\/wp\/v2\/posts\/25753","targetHints":{"allow":["GET"]}}],"collection":[{"href":"https:\/\/www.mk-journal.de\/index.php\/wp-json\/wp\/v2\/posts"}],"about":[{"href":"https:\/\/www.mk-journal.de\/index.php\/wp-json\/wp\/v2\/types\/post"}],"author":[{"embeddable":true,"href":"https:\/\/www.mk-journal.de\/index.php\/wp-json\/wp\/v2\/users\/3"}],"replies":[{"embeddable":true,"href":"https:\/\/www.mk-journal.de\/index.php\/wp-json\/wp\/v2\/comments?post=25753"}],"version-history":[{"count":2,"href":"https:\/\/www.mk-journal.de\/index.php\/wp-json\/wp\/v2\/posts\/25753\/revisions"}],"predecessor-version":[{"id":25756,"href":"https:\/\/www.mk-journal.de\/index.php\/wp-json\/wp\/v2\/posts\/25753\/revisions\/25756"}],"wp:featuredmedia":[{"embeddable":true,"href":"https:\/\/www.mk-journal.de\/index.php\/wp-json\/wp\/v2\/media\/25754"}],"wp:attachment":[{"href":"https:\/\/www.mk-journal.de\/index.php\/wp-json\/wp\/v2\/media?parent=25753"}],"wp:term":[{"taxonomy":"category","embeddable":true,"href":"https:\/\/www.mk-journal.de\/index.php\/wp-json\/wp\/v2\/categories?post=25753"},{"taxonomy":"post_tag","embeddable":true,"href":"https:\/\/www.mk-journal.de\/index.php\/wp-json\/wp\/v2\/tags?post=25753"}],"curies":[{"name":"wp","href":"https:\/\/api.w.org\/{rel}","templated":true}]}}