{"id":25760,"date":"2026-04-29T12:07:09","date_gmt":"2026-04-29T10:07:09","guid":{"rendered":"https:\/\/www.mk-journal.de\/?p=25760"},"modified":"2026-04-29T12:07:09","modified_gmt":"2026-04-29T10:07:09","slug":"cdu-einstimmig-fuer-thorsten-schick","status":"publish","type":"post","link":"https:\/\/www.mk-journal.de\/index.php\/2026\/04\/29\/cdu-einstimmig-fuer-thorsten-schick\/","title":{"rendered":"CDU einstimmig f\u00fcr Thorsten Schick"},"content":{"rendered":"<h4><strong>Iserlohner darf bei Landtagswahl wieder antreten<\/strong><\/h4>\n<p><strong>Von Hendrik Klein<\/strong><\/p>\n<p>Die heimische CDU geht im April n\u00e4chsten Jahres erneut mit ihrem Abgeordneten Thorsten Schick im Wahlkreis 121 M\u00e4rkischer Kreis I in die Landtagswahl. Der 54-j\u00e4hrige Vorsitzende der CDU-Landtagsfraktion und Kreisvorsitzende erhielt bei seiner Nominierung im St\u00e4dtischen Saalbau in Iserlohn-Letmathe alle 56 Stimmen der anwesenden stimmberechtigten Mitglieder. Zu seinem Landtagswahlkreis geh\u00f6ren die St\u00e4dte und Gemeinden Iserlohn, Nachrodt-Wiblingwerde, Altena und Werdohl. Bei der letzten Landtagswahl 2022 konnte Thorsten Schick den Wahlkreis mit 41,5 Prozent der Stimmen deutlich vor der SPD gewinnen.<\/p>\n<p><strong>Zweites Mal im Landtag<\/strong><\/p>\n<p>\u201eJetzt wei\u00df ich ja genau, wer mich gew\u00e4hlt hat\u201c, kommentierte ein sichtlich dankbarer Thorsten Schick das herausragende Wahlergebnis mit einem Schmunzeln. Eine Gegenkandidatin oder einen Mitbewerber hatte der 54-J\u00e4hrige nicht. Von 2005 bis 2010 und erneut seit 2012 ist er Landtagsabgeordneter. Seit dem 29. Juni 2022 ist Schick Vorsitzender der CDU-Landtagsfraktion. Dar\u00fcber hinaus ist er Kreisvorsitzender der CDU im M\u00e4rkischen Kreis. Der Kreisvorstand hatte ihn der Versammlung f\u00fcr eine erneute Kandidatur empfohlen.<\/p>\n<p><strong>Politischer R\u00fcckblick<\/strong><\/p>\n<p>Thorsten Schick nutzte die Versammlung, die vom CDU-Bundestagsabgeordneten und NRW-CDU-Generalsekret\u00e4r Paul Ziemiak geleitet wurde, zu einem politischen R\u00fcckblick sowie Ausblick. \u201eDie vergangenen f\u00fcnf Jahre waren gepr\u00e4gt von der Corona-Pandemie, dem Ukraine-Krieg, die schwere Flut, die Sperrung der Rahmedetalbr\u00fccke und aktuell vom Irak-Krieg. Seit drei Jahren stecken wir in einer schweren Wirtschaftskrise\u201c, so Schick.<\/p>\n<p><strong>Positive Bilanz der Landesregierung<\/strong><\/p>\n<p>Dennoch sei die politische Bilanz der von Ministerpr\u00e4sident Hendrik W\u00fcst gef\u00fchrten Schwarz-gr\u00fcnen Landesregierung positiv und besser, als sie oft gesehen werde, schaltete der Abgeordnete bereits in den Wahlkampf-Modus. Schick: \u201eInnenminister Herbert Reul hat die Innere Sicherheit durch sein Null-Toleranz-Vorgehen verbessert. 3.000 neu eingestellte Polizeianw\u00e4rter und -anw\u00e4rterinnen sind ein Rekordwert. Nach dem Terror-Anschlag von Solingen haben wir das gr\u00f6\u00dfte Sicherheitspaket in der Geschichte auf den Weg gebracht. Kein Verbrecher darf sich in NRW sicherf\u00fchlen.\u201c<\/p>\n<p><strong>Wahlkreis-Kommunen entlastet<\/strong><\/p>\n<p>Die Krankenhausreform von Karl-Josef Laumann, die Einf\u00fchrung der Landarzt-Quote beim Medizinstudium, die Entlastung der Kommunen um neun Milliarden Euro durch die Altschuldenregelung seien weitere Pluspunkte. \u201eAllein die Kommunen in meinem Wahlkreis wurden um 42 Millionen Euro entlastet. Deren Schulden stehen jetzt in den B\u00fcchern der Landesregierung\u201c, sagte Thorsten Schick. Er lie\u00df auch die 227 Millionen Euro Investitionen in die Infrastruktur im M\u00e4rkischen Kreis nicht unerw\u00e4hnt. \u201eInsgesamt gibt das Land 60 Milliarden Euro in den n\u00e4chsten zw\u00f6lf Jahren daf\u00fcr aus.\u201c Schick listete die Verbesserung der Sch\u00fcler-Lehrer-Relation, die Einf\u00fchrung der ABC-Klassen sowie die sechs Milliarden Euro-Ausgaben f\u00fcr die fr\u00fchkindliche Bildung auf. F\u00fcr den 54-J\u00e4hrigen steht die Zukunft der wirtschaftlichen Entwicklung des Landes im Mittelpunkt. \u201eDas Motto muss sein, von der Kohle zur KI, das muss Realit\u00e4t werden.\u201c<\/p>\n<p><strong>Unterst\u00fctzung von Prof. Dr. Otto Wulff<\/strong><\/p>\n<p>Unterst\u00fctzung f\u00fcr seine erneute Kandidatur kam aus berufenem Munde. \u201eThorsten Schick ist ein Aush\u00e4ngeschild f\u00fcr unsere Heimat\u201c, rief Prof. Dr. Otto Wulff den Anwesenden zu. Seiner CDU schrieb der langj\u00e4hrige, verdiente Abgeordnete ins Stammbuch: \u201eWir m\u00fcssen den Menschen die Zuversicht geben, dass es wieder aufw\u00e4rts geht. Das sollte jeder Unionsmann und jede Unionsfrau verk\u00f6rpern.\u201c<\/p>\n<p><strong>Kritik an Bundesregierung<\/strong><\/p>\n<p>Ganz ohne kritische Zwischent\u00f6ne verlief die Aufstellungsversammlung allerdings nicht. Stefan Herbel, Kreistagsabgeordneter aus Nachrodt-Wiblingwerde, nutzte den Tagesordnungspunkt \u201eVerschiedenes\u201c zur deutlichen Kritik an der CDU-gef\u00fchrten Bundesregierung. \u201eDie gibt ein schlechtes Bild ab. Die Anzahl der Insolvenzen unserer Betriebe nimmt zu, die Zahl der Kurzarbeiter steigt\u201c, rief Herbel dem Bundestagsabgeordneten Paul Ziemiak zu. Der gestand ein: \u201eDie Leute werden doch verr\u00fcckt, wenn jeder vor der Kamera etwas anderes sagt. Wir sollten weniger ank\u00fcndigen, sondern machen. Es muss besser werden\u201c, so Ziemiak an die eigene Adresse der CDU.<\/p>\n","protected":false},"excerpt":{"rendered":"<p>Iserlohner darf bei Landtagswahl wieder antreten Von Hendrik Klein Die  [&#8230;]<\/p>\n","protected":false},"author":3,"featured_media":25761,"comment_status":"closed","ping_status":"closed","sticky":false,"template":"","format":"standard","meta":{"two_page_speed":[],"footnotes":""},"categories":[5],"tags":[],"class_list":["post-25760","post","type-post","status-publish","format-standard","has-post-thumbnail","hentry","category-politik"],"_links":{"self":[{"href":"https:\/\/www.mk-journal.de\/index.php\/wp-json\/wp\/v2\/posts\/25760","targetHints":{"allow":["GET"]}}],"collection":[{"href":"https:\/\/www.mk-journal.de\/index.php\/wp-json\/wp\/v2\/posts"}],"about":[{"href":"https:\/\/www.mk-journal.de\/index.php\/wp-json\/wp\/v2\/types\/post"}],"author":[{"embeddable":true,"href":"https:\/\/www.mk-journal.de\/index.php\/wp-json\/wp\/v2\/users\/3"}],"replies":[{"embeddable":true,"href":"https:\/\/www.mk-journal.de\/index.php\/wp-json\/wp\/v2\/comments?post=25760"}],"version-history":[{"count":1,"href":"https:\/\/www.mk-journal.de\/index.php\/wp-json\/wp\/v2\/posts\/25760\/revisions"}],"predecessor-version":[{"id":25762,"href":"https:\/\/www.mk-journal.de\/index.php\/wp-json\/wp\/v2\/posts\/25760\/revisions\/25762"}],"wp:featuredmedia":[{"embeddable":true,"href":"https:\/\/www.mk-journal.de\/index.php\/wp-json\/wp\/v2\/media\/25761"}],"wp:attachment":[{"href":"https:\/\/www.mk-journal.de\/index.php\/wp-json\/wp\/v2\/media?parent=25760"}],"wp:term":[{"taxonomy":"category","embeddable":true,"href":"https:\/\/www.mk-journal.de\/index.php\/wp-json\/wp\/v2\/categories?post=25760"},{"taxonomy":"post_tag","embeddable":true,"href":"https:\/\/www.mk-journal.de\/index.php\/wp-json\/wp\/v2\/tags?post=25760"}],"curies":[{"name":"wp","href":"https:\/\/api.w.org\/{rel}","templated":true}]}}