{"id":25775,"date":"2026-04-30T13:13:54","date_gmt":"2026-04-30T11:13:54","guid":{"rendered":"https:\/\/www.mk-journal.de\/?p=25775"},"modified":"2026-04-30T13:13:54","modified_gmt":"2026-04-30T11:13:54","slug":"aktionswoche-kindertagespflege-im-maerkischen-kreis","status":"publish","type":"post","link":"https:\/\/www.mk-journal.de\/index.php\/2026\/04\/30\/aktionswoche-kindertagespflege-im-maerkischen-kreis\/","title":{"rendered":"Aktionswoche Kindertagespflege im M\u00e4rkischen Kreis"},"content":{"rendered":"<p>(pmk). Kindertagespflegepersonen im Zust\u00e4ndigkeitsbereich des Kreisjugendamtes beteiligen sich vom 4. bis 10. Mai an der Aktionswoche \u201eGut betreut in Kindertagespflege\u201c. Aus Sicht des Kreisjugendamtes ist die Kindertagespflege eine tragende S\u00e4ule der Kinderbetreuung im M\u00e4rkischen Keis. Sie bietet insbesondere f\u00fcr Kinder unter drei Jahren eine famili\u00e4re, flexible und individuelle Betreuung und F\u00f6rderung. Kindertagespflegepersonen leisten damit einen unverzichtbaren Beitrag zur fr\u00fchkindlichen Bildung und Vereinbarkeit von Familie und Beruf.<\/p>\n<p><strong>Wertvolle Betreuungsform<\/strong><\/p>\n<p>F\u00fcr viele Familien im M\u00e4rkischen Kreis ist die Kindertagespflege eine verl\u00e4ssliche und wertvolle Betreuungsform, die aus der regionalen Bildungs- und Betreuungslandschaft nicht wegzudenken ist. Die Aktionswoche bietet nicht nur die Gelegenheit zum Austausch und zur Begegnung, sondern macht auch die Vielfalt und die Qualit\u00e4t in der Kindertagespflege sichtbar. Interessierte Eltern erhalten Einblicke in diese Betreuungsform und k\u00f6nnen sich vor Ort informieren.<\/p>\n<p><strong>Um auf ihre wichtige Kinderbetreuungsarbeit aufmerksam zu machen, haben Kindertagespflegepersonen vielf\u00e4ltige Aktionen vorbereitet:<\/strong><\/p>\n<p>Am 5. Mai l\u00e4dt das AWO-Kindertagespflegeb\u00fcro (zust\u00e4ndig unter anderem auch f\u00fcr Nachrodt-Wiblingwerde, Balve und Neuenrade) Kindertagespflegepersonen und ihre Tageskinder zu einer Mini-Kinderdisco ein. Anmeldung erw\u00fcnscht.<\/p>\n<p>Am 6. Mai \u00f6ffnet in Herscheid die Kindertagespflegestelle \u201eSonnenblume\u201c in der Mittelstra\u00dfe 9 zwischen 15 und 17 Uhr ihre T\u00fcren f\u00fcr Interessierte.<\/p>\n<p>In Halver wird am 7. Mai in der AWO-Kita-Wundert\u00fcte von 9 bis 11 Uhr ein gemeinsames Turnfest f\u00fcr Kindertagespflegepersonen und ihre Tageskinder veranstaltet.<\/p>\n<p>In Kierspe findet am 29. Mai im REWE-Markt ab 15 Uhr ein kleines Fest mit Kinderschminken, Waffeln und weiteren Angeboten statt.<\/p>\n<p>Zus\u00e4tzlich pr\u00e4sentieren sich Kindertagespflegepersonen und ihre Arbeit mit einem pers\u00f6nlichen Vorstellungsplakat in den Schaufenstern der AWO-Kindertagespflegeb\u00fcros in Altena, Am Stapel 20-22 und in Meinerzhagen, Hauptstra\u00dfe 29.<\/p>\n","protected":false},"excerpt":{"rendered":"<p>(pmk). Kindertagespflegepersonen im Zust\u00e4ndigkeitsbereich des Kreisjugendamtes beteiligen sich vom 4.  [&#8230;]<\/p>\n","protected":false},"author":3,"featured_media":25776,"comment_status":"closed","ping_status":"closed","sticky":false,"template":"","format":"standard","meta":{"two_page_speed":[],"footnotes":""},"categories":[11],"tags":[],"class_list":["post-25775","post","type-post","status-publish","format-standard","has-post-thumbnail","hentry","category-maerkischer-kreis"],"_links":{"self":[{"href":"https:\/\/www.mk-journal.de\/index.php\/wp-json\/wp\/v2\/posts\/25775","targetHints":{"allow":["GET"]}}],"collection":[{"href":"https:\/\/www.mk-journal.de\/index.php\/wp-json\/wp\/v2\/posts"}],"about":[{"href":"https:\/\/www.mk-journal.de\/index.php\/wp-json\/wp\/v2\/types\/post"}],"author":[{"embeddable":true,"href":"https:\/\/www.mk-journal.de\/index.php\/wp-json\/wp\/v2\/users\/3"}],"replies":[{"embeddable":true,"href":"https:\/\/www.mk-journal.de\/index.php\/wp-json\/wp\/v2\/comments?post=25775"}],"version-history":[{"count":1,"href":"https:\/\/www.mk-journal.de\/index.php\/wp-json\/wp\/v2\/posts\/25775\/revisions"}],"predecessor-version":[{"id":25777,"href":"https:\/\/www.mk-journal.de\/index.php\/wp-json\/wp\/v2\/posts\/25775\/revisions\/25777"}],"wp:featuredmedia":[{"embeddable":true,"href":"https:\/\/www.mk-journal.de\/index.php\/wp-json\/wp\/v2\/media\/25776"}],"wp:attachment":[{"href":"https:\/\/www.mk-journal.de\/index.php\/wp-json\/wp\/v2\/media?parent=25775"}],"wp:term":[{"taxonomy":"category","embeddable":true,"href":"https:\/\/www.mk-journal.de\/index.php\/wp-json\/wp\/v2\/categories?post=25775"},{"taxonomy":"post_tag","embeddable":true,"href":"https:\/\/www.mk-journal.de\/index.php\/wp-json\/wp\/v2\/tags?post=25775"}],"curies":[{"name":"wp","href":"https:\/\/api.w.org\/{rel}","templated":true}]}}