{"id":25779,"date":"2026-04-30T13:34:16","date_gmt":"2026-04-30T11:34:16","guid":{"rendered":"https:\/\/www.mk-journal.de\/?p=25779"},"modified":"2026-04-30T13:49:11","modified_gmt":"2026-04-30T11:49:11","slug":"9036-prozent-fuer-matthias-eggers","status":"publish","type":"post","link":"https:\/\/www.mk-journal.de\/index.php\/2026\/04\/30\/9036-prozent-fuer-matthias-eggers\/","title":{"rendered":"90,36 Prozent f\u00fcr Matthias Eggers"},"content":{"rendered":"<h4><span style=\"letter-spacing: -.1pt;\">CDU<\/span> <span style=\"letter-spacing: -.1pt;\">im<\/span> <span style=\"letter-spacing: -.1pt;\">M\u00e4rkischen<\/span> <span style=\"letter-spacing: -.1pt;\">Kreis<\/span> <span style=\"letter-spacing: -.1pt;\">nominiert<\/span> Mendener erneut f\u00fcr die Landtagswahl<\/h4>\n<p>(EB\/Henk). Die CDU im Landtagswahlkreis 122 (M\u00e4rkischer Kreis II, Balve, Hemer, Menden, Neuenrade und Plettenberg) hat am Mittwoch, 29. April, im Rahmen einer Wahlkreismitgliederversammlung ihren Bewerber f\u00fcr die Landtagswahl 2027 aufgestellt. In der Sch\u00fctzenhalle der Sch\u00fctzenbruderschaft St. Petrus und Paulus e.V. in Neuenrade-Affeln wurde der amtierende Landtagsabgeordnete Matthias Eggers mit 90,36 Prozent der Stimmen gew\u00e4hlt. 24 Stunden zuvor hatte die Union zu 100 Prozent f\u00fcr den Iserlohner CDU-Abgeordneten Thorsten Schick im Nachbar-Wahlkeis votiert. Der \u00a0Vorsitzenden des CDU-Kreisverbandes Mark er\u00f6ffnet die Versammlung. Im weiteren Verlauf \u00fcbernahm der heimische Bundestagsabgeordnete Paul Ziemiak, wie auch schon zuvor in Iserlohn, die Leitung der Sitzung und f\u00fchrte durch das formale Aufstellungsverfahren gem\u00e4\u00df Landeswahlordnung.<\/p>\n<p><strong>Tief in der Region verwurzelt<\/strong><\/p>\n<p>In seiner Bewerbungsrede stellte Matthias Eggers seine tiefe Verwurzelung in der Region heraus und betonte seine Motivation f\u00fcr eine erneute Kandidatur. \u201eIch stehe hier als jemand, der in dieser Region zu Hause ist, der hier mit seiner Familie lebt und der wei\u00df, was unsere Heimat ausmacht\u201c, so Eggers. Die St\u00e4rke des M\u00e4rkischen Kreises liege insbesondere in den Menschen \u2013 in Arbeitnehmern, Unternehmern, Ehrenamtlichen und Familien, die t\u00e4glich Verantwortung \u00fcbernehmen und zum Zusammenhalt beitragen.<\/p>\n<p><strong>Mandat ist ein Auftrag<\/strong><\/p>\n<p>Eggers machte deutlich, dass sein politischer Anspruch darin bestehe, konkrete L\u00f6sungen f\u00fcr die Herausforderungen vor Ort zu entwickeln. Seine politische Laufbahn habe bewusst auf kommunaler Ebene begonnen, wo Entscheidungen unmittelbare Auswirkungen auf das Leben der B\u00fcrgerinnen und B\u00fcrger h\u00e4tten. Dieses Verst\u00e4ndnis pr\u00e4ge auch seine Arbeit im Landtag: \u201eEin Mandat ist kein Besitz, sondern ein Auftrag, die Interessen unserer Heimat zu vertreten.\u201c<\/p>\n<p><strong>Wer bestellt, muss auch zahlen<\/strong><\/p>\n<p>Ein zentraler Schwerpunkt seiner bisherigen Arbeit sei die St\u00e4rkung der Kommunen. Eggers verwies auf die eingeleiteten Ma\u00dfnahmen des Landes Nordrhein-Westfalen zur Entlastung hochverschuldeter St\u00e4dte sowie auf umfangreiche Investitionsprogramme in Infrastruktur, Bildung und Digitalisierung. Gleichzeitig forderte er eine klare finanzielle Verantwortung von Bund und Land gegen\u00fcber den Kommunen: \u201eWer neue Aufgaben bestellt, der muss diese auch bezahlen.\u201c<\/p>\n<p><strong>B\u00fcrokratie abbauen<\/strong><\/p>\n<p>Dar\u00fcber hinaus sprach der Mendener weitere zentrale Themen an, darunter den Abbau von B\u00fcrokratie, die Sicherung von Arbeitspl\u00e4tzen in Mittelstand und Handwerk, die St\u00e4rkung der inneren Sicherheit sowie eine verl\u00e4ssliche und fl\u00e4chendeckende Gesundheitsversorgung. Ebenso hob er die Bedeutung von Ehrenamt, Kultur und Sport f\u00fcr den gesellschaftlichen Zusammenhalt im l\u00e4ndlichen Raum hervor und k\u00fcndigte an, sich weiterhin gezielt f\u00fcr entsprechende F\u00f6rderprogramme einzusetzen.<\/p>\n<p><strong>Land braucht klaren Kurs<\/strong><\/p>\n<p>Mit Blick auf die aktuelle politische Lage betonte Eggers die Notwendigkeit klarer und verl\u00e4sslicher Politik: \u201eUnser Land braucht einen klaren Kurs. DiesenKurs m\u00f6chten wir mit Ministerpr\u00e4sident Hendrik W\u00fcst fortsetzen.\u201c Er bekr\u00e4ftigte seinen Anspruch, weiterhin eine starke Stimme f\u00fcr den M\u00e4rkischen Kreis im Landtag zu sein: \u201eKlar in der Sache, verl\u00e4sslich im Einsatz, immer bei den Menschen.\u201c<\/p>\n<p><strong>Gewichtige Stimme in der Fraktion<\/strong><\/p>\n<p>Auch die Versammlungsleitung fand anerkennende Worte f\u00fcr den Kandidaten. Paul Ziemiak hob in seinem Beitrag hervor, dass Matthias Eggers innerhalb der CDU-Landtagsfraktion eine gewichtige Stimme sei und sich mit Nachdruck f\u00fcr die Belange seiner Heimatregion einsetze. Der Kreisvorsitzende Thorsten Schick betonte, dass er sich auf die weitere enge und vertrauensvolle Zusammenarbeit mit Eggers freue und man nun die Weichen f\u00fcr einen erfolgreichen Wahlkampf gestellt habe.<\/p>\n","protected":false},"excerpt":{"rendered":"<p>CDU im M\u00e4rkischen Kreis nominiert Mendener erneut f\u00fcr die Landtagswahl  [&#8230;]<\/p>\n","protected":false},"author":3,"featured_media":25782,"comment_status":"closed","ping_status":"closed","sticky":false,"template":"","format":"standard","meta":{"two_page_speed":[],"footnotes":""},"categories":[5],"tags":[],"class_list":["post-25779","post","type-post","status-publish","format-standard","has-post-thumbnail","hentry","category-politik"],"_links":{"self":[{"href":"https:\/\/www.mk-journal.de\/index.php\/wp-json\/wp\/v2\/posts\/25779","targetHints":{"allow":["GET"]}}],"collection":[{"href":"https:\/\/www.mk-journal.de\/index.php\/wp-json\/wp\/v2\/posts"}],"about":[{"href":"https:\/\/www.mk-journal.de\/index.php\/wp-json\/wp\/v2\/types\/post"}],"author":[{"embeddable":true,"href":"https:\/\/www.mk-journal.de\/index.php\/wp-json\/wp\/v2\/users\/3"}],"replies":[{"embeddable":true,"href":"https:\/\/www.mk-journal.de\/index.php\/wp-json\/wp\/v2\/comments?post=25779"}],"version-history":[{"count":1,"href":"https:\/\/www.mk-journal.de\/index.php\/wp-json\/wp\/v2\/posts\/25779\/revisions"}],"predecessor-version":[{"id":25781,"href":"https:\/\/www.mk-journal.de\/index.php\/wp-json\/wp\/v2\/posts\/25779\/revisions\/25781"}],"wp:featuredmedia":[{"embeddable":true,"href":"https:\/\/www.mk-journal.de\/index.php\/wp-json\/wp\/v2\/media\/25782"}],"wp:attachment":[{"href":"https:\/\/www.mk-journal.de\/index.php\/wp-json\/wp\/v2\/media?parent=25779"}],"wp:term":[{"taxonomy":"category","embeddable":true,"href":"https:\/\/www.mk-journal.de\/index.php\/wp-json\/wp\/v2\/categories?post=25779"},{"taxonomy":"post_tag","embeddable":true,"href":"https:\/\/www.mk-journal.de\/index.php\/wp-json\/wp\/v2\/tags?post=25779"}],"curies":[{"name":"wp","href":"https:\/\/api.w.org\/{rel}","templated":true}]}}