{"id":25783,"date":"2026-05-01T09:17:32","date_gmt":"2026-05-01T07:17:32","guid":{"rendered":"https:\/\/www.mk-journal.de\/?p=25783"},"modified":"2026-05-01T09:17:32","modified_gmt":"2026-05-01T07:17:32","slug":"waldbrand-auf-der-rauhen-hardt-in-iserlohn","status":"publish","type":"post","link":"https:\/\/www.mk-journal.de\/index.php\/2026\/05\/01\/waldbrand-auf-der-rauhen-hardt-in-iserlohn\/","title":{"rendered":"Waldbrand auf der Rauhen Hardt in Iserlohn"},"content":{"rendered":"<p>(ots). Die Feuerwehr Iserlohn wurde Samstag gegen 15 Uhr zur Rauhen Hardt oberhalb des Naherholungsgebietes im Ortstel Dr\u00f6schede gerufen. Entlang eines Waldweges waren auf einer Fl\u00e4che von ca. 120 Quadratmetern Waldboden, B\u00fcsche und Baumst\u00e4mme in Brand geraten. Eine Rauchentwicklung war bereits auf der Anfahrt zur Einsatzstelle erkennbar und wies den alarmierten Kr\u00e4ften von Berufs- und Freiwilliger Feuerwehr den Weg.<\/p>\n<p>Die Einsatzkr\u00e4fte verlegten vom Papenholzweg eine Wasserleitung in den Wald und begannnen die Brandbek\u00e4mpfung mit drei D-Rohren ein. Parallel dazu wurde eine Wasserentnahmestelle aus einem rund 300 Meter entfernten Unterflurhydranten eingerichtet. Der Waldbrand konnte so z\u00fcgig unter Kontrolle gebracht werden, ohne dass es zu einer weiteren Ausbreitung kam. Gegen 17:00 Uhr beendete ein Gro\u00dfteil der 60 alarmierten Kr\u00e4fte den Einsatz, eine Brandwache blieb noch einige Zeit vor Ort und f\u00fchrte eine Brandnachschau durch.<\/p>\n<p>F\u00fcr m\u00f6gliche Paralleleins\u00e4tze war die Wache der Berufsfeuerwehr an der Dortmunder Stra\u00dfe durch weitere Einheiten der Freiwilligen Feuerwehr besetzt worden.<\/p>\n","protected":false},"excerpt":{"rendered":"<p>(ots). Die Feuerwehr Iserlohn wurde Samstag gegen 15 Uhr zur  [&#8230;]<\/p>\n","protected":false},"author":3,"featured_media":25784,"comment_status":"closed","ping_status":"closed","sticky":false,"template":"","format":"standard","meta":{"two_page_speed":[],"footnotes":""},"categories":[3],"tags":[],"class_list":["post-25783","post","type-post","status-publish","format-standard","has-post-thumbnail","hentry","category-polizeimeldungen"],"_links":{"self":[{"href":"https:\/\/www.mk-journal.de\/index.php\/wp-json\/wp\/v2\/posts\/25783","targetHints":{"allow":["GET"]}}],"collection":[{"href":"https:\/\/www.mk-journal.de\/index.php\/wp-json\/wp\/v2\/posts"}],"about":[{"href":"https:\/\/www.mk-journal.de\/index.php\/wp-json\/wp\/v2\/types\/post"}],"author":[{"embeddable":true,"href":"https:\/\/www.mk-journal.de\/index.php\/wp-json\/wp\/v2\/users\/3"}],"replies":[{"embeddable":true,"href":"https:\/\/www.mk-journal.de\/index.php\/wp-json\/wp\/v2\/comments?post=25783"}],"version-history":[{"count":1,"href":"https:\/\/www.mk-journal.de\/index.php\/wp-json\/wp\/v2\/posts\/25783\/revisions"}],"predecessor-version":[{"id":25785,"href":"https:\/\/www.mk-journal.de\/index.php\/wp-json\/wp\/v2\/posts\/25783\/revisions\/25785"}],"wp:featuredmedia":[{"embeddable":true,"href":"https:\/\/www.mk-journal.de\/index.php\/wp-json\/wp\/v2\/media\/25784"}],"wp:attachment":[{"href":"https:\/\/www.mk-journal.de\/index.php\/wp-json\/wp\/v2\/media?parent=25783"}],"wp:term":[{"taxonomy":"category","embeddable":true,"href":"https:\/\/www.mk-journal.de\/index.php\/wp-json\/wp\/v2\/categories?post=25783"},{"taxonomy":"post_tag","embeddable":true,"href":"https:\/\/www.mk-journal.de\/index.php\/wp-json\/wp\/v2\/tags?post=25783"}],"curies":[{"name":"wp","href":"https:\/\/api.w.org\/{rel}","templated":true}]}}