{"id":27764,"date":"2026-08-29T12:56:05","date_gmt":"2026-08-29T10:56:05","guid":{"rendered":"https:\/\/www.mk-journal.de\/?p=27764"},"modified":"2026-08-29T12:56:05","modified_gmt":"2026-08-29T10:56:05","slug":"arbeitslosigkeit-im-august-gestiegen","status":"publish","type":"post","link":"https:\/\/www.mk-journal.de\/index.php\/2026\/08\/29\/arbeitslosigkeit-im-august-gestiegen\/","title":{"rendered":"Arbeitslosigkeit im August gestiegen"},"content":{"rendered":"<p><strong>19.339\u00a0 auf Jobsuche &#8211; Leichte Herbstbelebung bei Mitarbeiter-Suche<\/strong><\/p>\n<p>(EB). Die Arbeitslosigkeit ist im Bezirk der Agentur f\u00fcr Arbeit Iserlohn im August gestiegen. 19.339 Menschen waren arbeitslos gemeldet, 358 Personen mehr (zwei Prozent) als im Juli und 195 Personen bzw. ein Prozent mehr als vor einem Jahr. Die Arbeitslosenquote betrug 8,6 Prozent und lag mit 0,2 Prozentpunkten \u00fcber dem Vormonatsniveau. Vor einem Jahr lag sie bei 8,5 Prozent. \u201eLokal liegt die Arbeitslosigkeit auf einem hohen Niveau. In den letzten zwei Monaten sehen wir allerdings, dass die Unternehmen wieder mehr Stellen melden, was auf eine leichte Herbstbelebung hoffen l\u00e4sst\u201c so Stefan Steink\u00fchler, Gesch\u00e4ftsf\u00fchrer operativ.<\/p>\n<p><strong>Unterbesch\u00e4ftigung 22.908<\/strong><\/p>\n<p>Die Unterbesch\u00e4ftigung lag nach vorl\u00e4ufigen Angaben im August bei 22.908 Personen. Sie erh\u00f6hte sich gegen\u00fcber dem Vormonat Juli (129 Personen bzw. 0,6 Prozent) und sank verglichen mit August 2025 (-108 Personen bzw. -0,5 Prozent). Zur Unterbesch\u00e4ftigung z\u00e4hlen neben den Arbeitslosen solche Personen, die nicht als arbeitslos gelten, weil sie beispielsweise im Rahmen von arbeitsmarktpolitischen Ma\u00dfnahmen gef\u00f6rdert werden.<\/p>\n<p><strong>3.418 neue Meldungen<\/strong><\/p>\n<p>Im Rechtskreis SGB III (Agentur f\u00fcr Arbeit) lag die Arbeitslosigkeit bei 6.474 Personen (183 Personen mehr als im Vormonat und 231 Personen mehr als vor einem Jahr). Im Rechtskreis SGB II (Jobcenter) waren 12.865 Arbeitslose registriert (175 Personen mehr als im Vormonat, aber 36 Personen weniger als im Vorjahr). Durch die Tr\u00e4ger der Grundsicherung (Jobcenter) wurden 67 Prozent aller Arbeitslosen betreut. Im vergangenen Monat meldeten sich insgesamt 3.418 Personen arbeitslos. Davon kamen 1.289 Personen direkt aus Erwerbst\u00e4tigkeit. 3.073 Menschen beendeten ihre Arbeitslosigkeit, davon nahmen 958 eine Erwerbst\u00e4tigkeit auf.<\/p>\n<p><strong>Unternehmen suchen weiter<\/strong><\/p>\n<p>Die Unternehmen suchen weiterhin Mitarbeitende: 930 Stellen wurden im August neu gemeldet (68 mehr als im Vormonat und 176 mehr als vor einem Jahr). Die meisten freien Stellen gibt es aktuell in den Branchen sonstige wirtschaftliche Dienstleistungen, Verarbeitendes Gewerbe, Gesundheits- und Sozialwesen, freiberufliche, wissenschaftliche und technische Dienstleistungen, Handel Instandhaltung und Reparatur von Kfz, Baugewerbe. Aktuell befanden sich damit 3.695 freie Stellen im Bestand der Arbeitsagentur.<\/p>\n<p><strong>16.975 Bedarfsgemeinschaften<\/strong><\/p>\n<p>In der Grundsicherung (Jobcenter) sank die Zahl der Bedarfsgemeinschaften im Vorjahresvergleich um 311 (entspricht -2 Prozent) auf insgesamt 16.975. Hierbei wurden im Berichtsmonat insgesamt 22.976 erwerbsf\u00e4hige Grundsicherungsgeldberechtigte betreut, das waren 570 Personen weniger (-2 Prozent) als vor einem Jahr.<\/p>\n","protected":false},"excerpt":{"rendered":"<p>19.339\u00a0 auf Jobsuche &#8211; Leichte Herbstbelebung bei Mitarbeiter-Suche (EB). Die  [&#8230;]<\/p>\n","protected":false},"author":3,"featured_media":27765,"comment_status":"closed","ping_status":"closed","sticky":false,"template":"","format":"standard","meta":{"footnotes":""},"categories":[18],"tags":[],"class_list":["post-27764","post","type-post","status-publish","format-standard","has-post-thumbnail","hentry","category-witschaft"],"_links":{"self":[{"href":"https:\/\/www.mk-journal.de\/index.php\/wp-json\/wp\/v2\/posts\/27764","targetHints":{"allow":["GET"]}}],"collection":[{"href":"https:\/\/www.mk-journal.de\/index.php\/wp-json\/wp\/v2\/posts"}],"about":[{"href":"https:\/\/www.mk-journal.de\/index.php\/wp-json\/wp\/v2\/types\/post"}],"author":[{"embeddable":true,"href":"https:\/\/www.mk-journal.de\/index.php\/wp-json\/wp\/v2\/users\/3"}],"replies":[{"embeddable":true,"href":"https:\/\/www.mk-journal.de\/index.php\/wp-json\/wp\/v2\/comments?post=27764"}],"version-history":[{"count":2,"href":"https:\/\/www.mk-journal.de\/index.php\/wp-json\/wp\/v2\/posts\/27764\/revisions"}],"predecessor-version":[{"id":27767,"href":"https:\/\/www.mk-journal.de\/index.php\/wp-json\/wp\/v2\/posts\/27764\/revisions\/27767"}],"wp:featuredmedia":[{"embeddable":true,"href":"https:\/\/www.mk-journal.de\/index.php\/wp-json\/wp\/v2\/media\/27765"}],"wp:attachment":[{"href":"https:\/\/www.mk-journal.de\/index.php\/wp-json\/wp\/v2\/media?parent=27764"}],"wp:term":[{"taxonomy":"category","embeddable":true,"href":"https:\/\/www.mk-journal.de\/index.php\/wp-json\/wp\/v2\/categories?post=27764"},{"taxonomy":"post_tag","embeddable":true,"href":"https:\/\/www.mk-journal.de\/index.php\/wp-json\/wp\/v2\/tags?post=27764"}],"curies":[{"name":"wp","href":"https:\/\/api.w.org\/{rel}","templated":true}]}}