{"id":27768,"date":"2026-08-29T13:16:06","date_gmt":"2026-08-29T11:16:06","guid":{"rendered":"https:\/\/www.mk-journal.de\/?p=27768"},"modified":"2026-08-29T13:16:06","modified_gmt":"2026-08-29T11:16:06","slug":"sperrungen-auf-der-a46","status":"publish","type":"post","link":"https:\/\/www.mk-journal.de\/index.php\/2026\/08\/29\/sperrungen-auf-der-a46\/","title":{"rendered":"Sperrungen auf der A46"},"content":{"rendered":"<p>(EB). Die Autobahn Westfalen saniert auf der A46 in Fahrtrichtung Hemer zwischen dem Kreuz Hagen und Iserlohn-Oestrich die Fahrbahn. Aus diesem Grund kommt es in der kommenden Woche von Montag bis Freitag an einigen Anschlussstellen zu n\u00e4chtlichen Einschr\u00e4nkungen und Sperrungen. W\u00e4hrend der Sperrungen k\u00f6nnen Rettungsfahrzeuge jederzeit passieren.<\/p>\n<p><strong>31.8. (20 Uhr) bis 1.9. (5 Uhr):<\/strong> Sperrung der Auffahrt Iserlohn Letmathe in FR Hemer<\/p>\n<p><strong>1.9. (20 Uhr) bis 2.9. (5 Uhr):<\/strong> Sperrung der Ausfahrt Iserlohn-Letmathe in FR Hemer<\/p>\n<p><strong>2.9. (20 Uhr) bis 3.9. (5 Uhr):<\/strong> Sperrung Auffahrt Iserlohn-Letmathe FR Hemer; Sperrung Auffahrt Iserlohn-Oestrich; Sperrung Ausfahrt Iserlohn-Oestrich<\/p>\n<p><strong>3.9. (20 Uhr) bis 4.9. (5 Uhr):<\/strong> Sperrung Auffahrt Hagen-Hohenlimburg FR Hemer<\/p>\n<p>W\u00e4hrend der n\u00e4chtlichen Sanierungsarbeiten wird der Verkehr auf der Hauptfahrbahn in Fahrtrichtung Hemer im Bereich der betroffenen Anschlussstellen au\u00dferdem einspurig gef\u00fchrt.<\/p>\n","protected":false},"excerpt":{"rendered":"<p>(EB). Die Autobahn Westfalen saniert auf der A46 in Fahrtrichtung  [&#8230;]<\/p>\n","protected":false},"author":3,"featured_media":27769,"comment_status":"closed","ping_status":"closed","sticky":false,"template":"","format":"standard","meta":{"footnotes":""},"categories":[7],"tags":[],"class_list":["post-27768","post","type-post","status-publish","format-standard","has-post-thumbnail","hentry","category-dies-und-das"],"_links":{"self":[{"href":"https:\/\/www.mk-journal.de\/index.php\/wp-json\/wp\/v2\/posts\/27768","targetHints":{"allow":["GET"]}}],"collection":[{"href":"https:\/\/www.mk-journal.de\/index.php\/wp-json\/wp\/v2\/posts"}],"about":[{"href":"https:\/\/www.mk-journal.de\/index.php\/wp-json\/wp\/v2\/types\/post"}],"author":[{"embeddable":true,"href":"https:\/\/www.mk-journal.de\/index.php\/wp-json\/wp\/v2\/users\/3"}],"replies":[{"embeddable":true,"href":"https:\/\/www.mk-journal.de\/index.php\/wp-json\/wp\/v2\/comments?post=27768"}],"version-history":[{"count":1,"href":"https:\/\/www.mk-journal.de\/index.php\/wp-json\/wp\/v2\/posts\/27768\/revisions"}],"predecessor-version":[{"id":27770,"href":"https:\/\/www.mk-journal.de\/index.php\/wp-json\/wp\/v2\/posts\/27768\/revisions\/27770"}],"wp:featuredmedia":[{"embeddable":true,"href":"https:\/\/www.mk-journal.de\/index.php\/wp-json\/wp\/v2\/media\/27769"}],"wp:attachment":[{"href":"https:\/\/www.mk-journal.de\/index.php\/wp-json\/wp\/v2\/media?parent=27768"}],"wp:term":[{"taxonomy":"category","embeddable":true,"href":"https:\/\/www.mk-journal.de\/index.php\/wp-json\/wp\/v2\/categories?post=27768"},{"taxonomy":"post_tag","embeddable":true,"href":"https:\/\/www.mk-journal.de\/index.php\/wp-json\/wp\/v2\/tags?post=27768"}],"curies":[{"name":"wp","href":"https:\/\/api.w.org\/{rel}","templated":true}]}}