{"id":27800,"date":"2026-08-31T12:09:13","date_gmt":"2026-08-31T10:09:13","guid":{"rendered":"https:\/\/www.mk-journal.de\/?p=27800"},"modified":"2026-08-31T12:09:13","modified_gmt":"2026-08-31T10:09:13","slug":"weltkindertag-in-hemer","status":"publish","type":"post","link":"https:\/\/www.mk-journal.de\/index.php\/2026\/08\/31\/weltkindertag-in-hemer\/","title":{"rendered":"Weltkindertag in Hemer"},"content":{"rendered":"<h4>Buntes Familienfest am 17. September rund um das JuK \u2013 alle Angebote kostenlos<\/h4>\n<p>(PSH). Spiel, Spa\u00df und zahlreiche Mitmachaktionen erwarten Familien beim Weltkindertag in Hemer. Unter dem Motto &#8222;Starke Kinder, starke Zukunft!&#8220; sind kleine und gro\u00dfe Besucherinnen und Besucher am Donnerstag, 17. September, von 15 bis 18 Uhr im und rund um das JuK (Jugend- und Kulturzentrum am Park, Parkstra\u00dfe 3) herzlich willkommen. Die Teilnahme an allen Angeboten ist kostenlos.<\/p>\n<p><strong>Viele Unterst\u00fctzer<\/strong><\/p>\n<p>Dank der Unterst\u00fctzung der Sparkasse M\u00e4rkisches Sauerland sowie zahlreicher Hemeraner Einrichtungen und engagierter Akteure erwartet die G\u00e4ste ein abwechslungsreiches Programm mit Bewegung, Kreativit\u00e4t und Musik. F\u00fcr Kinder jeden Alters gibt es viel zu erleben: Das Angebot reicht vom Spielmobil und Bungee-Trampolin \u00fcber Kinderschminken, Glitzer- und Superhelden-Tattoos bis hin zu Hula-Hoop, Dosenwerfen, einem &#8222;Hei\u00dfen Draht&#8220; und einer F\u00fchlstra\u00dfe. An der Mal- und Buttonmaschine sowie bei zahlreichen Bastelaktionen k\u00f6nnen die Kinder ihrer Kreativit\u00e4t freien Lauf lassen. Unter anderem entstehen Mutmach-Armb\u00e4nder, Pompom-Kanonen und Knautschb\u00e4lle. Auch Tassen und Blumen k\u00f6nnen kreativ gestaltet werden. Bewegungsspiele und weitere Mitmachangebote laden dazu ein, die eigenen St\u00e4rken zu entdecken und Neues auszuprobieren. Am Kinderrechte-Gl\u00fccksrad erfahren die jungen Besucherinnen und Besucher auf spielerische Weise mehr \u00fcber ihre Rechte. F\u00fcr musikalische Unterhaltung sorgen Trommel- und Ukulele-Angebote sowie ein offenes Singen. B\u00fcchertische und eine Losbude erg\u00e4nzen das vielf\u00e4ltige Programm. Eltern mit Babys und Kleinkindern finden in einer Ruheinsel Gelegenheit f\u00fcr eine kleine Pause.<\/p>\n<p><strong>Lange Tradition<\/strong><\/p>\n<p>Das Fest wird gemeinsam mit zahlreichen Partnerinnen und Partnern gestaltet. Mit dabei sind unter anderem Hemeraner Kinderg\u00e4rten und Schulen, &#8222;Iss mit Hemer&#8220;, die zfb-Beratungsstelle, die Schwangerenberatungsstelle der Stadt Hemer, der Jugendamtselternbeirat, die Ballettschule am Sauerlandpark, die Ballettschule &#8222;Ballett meets Pop&#8220; und das H\u00f6nne-Berufskolleg Menden. Der Weltkindertag blickt auf eine lange Tradition zur\u00fcck. Im Jahr 1954 empfahlen die Vereinten Nationen ihren Mitgliedstaaten, einen weltweiten Kindertag einzurichten. Im Mittelpunkt stehen seitdem die Rechte und das Wohlergehen von Kindern sowie die F\u00f6rderung von Freundschaft und gegenseitigem Verst\u00e4ndnis. In Hemer wird der Weltkindertag bereits seit 1998 gefeiert. Das diesj\u00e4hrige Motto &#8222;Starke Kinder, starke Zukunft!&#8220; bringt auf den Punkt, worauf es ankommt: Kinder brauchen Raum zum Spielen, Entdecken, Lernen und Mitgestalten \u2013 und Erwachsene, die ihnen zuh\u00f6ren, sie st\u00e4rken und verl\u00e4sslich begleiten.<\/p>\n<p>Die Stadt Hemer und alle beteiligten Partnerinnen und Partner freuen sich darauf, gemeinsam mit den Kindern und ihren Familien einen fr\u00f6hlichen, abwechslungsreichen und erlebnisreichen Weltkindertag zu feiern.<\/p>\n<p>&nbsp;<\/p>\n<p>&nbsp;<\/p>\n","protected":false},"excerpt":{"rendered":"<p>Buntes Familienfest am 17. September rund um das JuK \u2013  [&#8230;]<\/p>\n","protected":false},"author":3,"featured_media":27801,"comment_status":"closed","ping_status":"closed","sticky":false,"template":"","format":"standard","meta":{"footnotes":""},"categories":[10],"tags":[],"class_list":["post-27800","post","type-post","status-publish","format-standard","has-post-thumbnail","hentry","category-staedte-und-gemeinden"],"_links":{"self":[{"href":"https:\/\/www.mk-journal.de\/index.php\/wp-json\/wp\/v2\/posts\/27800","targetHints":{"allow":["GET"]}}],"collection":[{"href":"https:\/\/www.mk-journal.de\/index.php\/wp-json\/wp\/v2\/posts"}],"about":[{"href":"https:\/\/www.mk-journal.de\/index.php\/wp-json\/wp\/v2\/types\/post"}],"author":[{"embeddable":true,"href":"https:\/\/www.mk-journal.de\/index.php\/wp-json\/wp\/v2\/users\/3"}],"replies":[{"embeddable":true,"href":"https:\/\/www.mk-journal.de\/index.php\/wp-json\/wp\/v2\/comments?post=27800"}],"version-history":[{"count":1,"href":"https:\/\/www.mk-journal.de\/index.php\/wp-json\/wp\/v2\/posts\/27800\/revisions"}],"predecessor-version":[{"id":27802,"href":"https:\/\/www.mk-journal.de\/index.php\/wp-json\/wp\/v2\/posts\/27800\/revisions\/27802"}],"wp:featuredmedia":[{"embeddable":true,"href":"https:\/\/www.mk-journal.de\/index.php\/wp-json\/wp\/v2\/media\/27801"}],"wp:attachment":[{"href":"https:\/\/www.mk-journal.de\/index.php\/wp-json\/wp\/v2\/media?parent=27800"}],"wp:term":[{"taxonomy":"category","embeddable":true,"href":"https:\/\/www.mk-journal.de\/index.php\/wp-json\/wp\/v2\/categories?post=27800"},{"taxonomy":"post_tag","embeddable":true,"href":"https:\/\/www.mk-journal.de\/index.php\/wp-json\/wp\/v2\/tags?post=27800"}],"curies":[{"name":"wp","href":"https:\/\/api.w.org\/{rel}","templated":true}]}}