{"id":27803,"date":"2026-08-31T12:25:29","date_gmt":"2026-08-31T10:25:29","guid":{"rendered":"https:\/\/www.mk-journal.de\/?p=27803"},"modified":"2026-08-31T12:25:29","modified_gmt":"2026-08-31T10:25:29","slug":"verkehrsregelungen-fuer-das-letmather-brueckenfest","status":"publish","type":"post","link":"https:\/\/www.mk-journal.de\/index.php\/2026\/08\/31\/verkehrsregelungen-fuer-das-letmather-brueckenfest\/","title":{"rendered":"Verkehrsregelungen f\u00fcr das Letmather Br\u00fcckenfest"},"content":{"rendered":"<p>(PSI). Das Br\u00fcckenfest in Iserlohn-Letmathe findet in diesem Jahr von Freitag, 4. September, bis Sonntag, 6. September, statt. Dann wird wieder zwischen den Br\u00fccken, die den Stadtteil Genna mit Letmathe verbinden, auf dem Lennedamm und in der Letmather Innenstadt gefeiert (wir berichteten). Daf\u00fcr sind, wie in den vergangenen Jahren auch, Stra\u00dfensperrungen erforderlich. Die Abteilung Stra\u00dfenverkehr der Stadt Iserlohn teilt mit, dass die gesamte Br\u00fcckenfestfl\u00e4che von Donnerstag, 3. September, bis einschlie\u00dflich Dienstag, 8. September, f\u00fcr den allgemeinen Stra\u00dfenverkehr gesperrt wird.<\/p>\n<p><strong>Im Einzelnen:<\/strong><\/p>\n<ul>\n<li>Die Gennaer Stra\u00dfe wird ab Br\u00fcckenstra\u00dfe in Fahrtrichtung Bahnhof als Sackgasse ausgeschildert. Die Umleitung l\u00e4uft \u00fcber die Bergstra\u00dfe und den Stenglingser Weg.<\/li>\n<li>Die Bahnhofstra\u00dfe und die Gennaer Stra\u00dfe werden bis zur Einm\u00fcndung Ursulastra\u00dfe von Donnerstag, 3. September, bis Dienstag, 8. September, gesperrt. Gleiches gilt f\u00fcr die Stichstra\u00dfe von der Gennaer Stra\u00dfe zum Lenneufer auf H\u00f6he des ehemaligen Gasthofs \u201ePollmeier\u201c.<\/li>\n<li>Der Lennedamm wird komplett gesperrt. Die Umleitungen erfolgen \u00fcber den Kreisverkehr Alter Markt und die Schwerter Stra\u00dfe. In der Gegenrichtung \u00fcber Diepke, Stenglingser Weg und die Bergstra\u00dfe.<\/li>\n<li>Die Hagener Stra\u00dfe ist ab dem Kreuzungsbereich Lennedamm \/ An Pater und Nonne \/ Gennaer Stra\u00dfe bis zur Einm\u00fcndung Hagener Stra\u00dfe \/ Friedensstra\u00dfe gesperrt.<\/li>\n<li>Ebenso sind die Durchfahrten zur Flehmestra\u00dfe \/ Hagener Stra\u00dfe wie auch zur Reinickendorfer Stra\u00dfe \/ Hagener Stra\u00dfe gesperrt.<\/li>\n<\/ul>\n<p>Ab Dienstag, 1. September, werden zudem der Park-and-Ride-Parkplatz (P+R) am Letmather Bahnhof sowie die Parkpl\u00e4tze an der Bahnhofstra\u00dfe und Gennaer Stra\u00dfe (im Bereich des Bahnhofs) gesperrt. Ebenfalls gesperrt bis einschlie\u00dflich Dienstag, 8. September, ist der Parkplatz am Letnetti-Platz.<\/p>\n<p>Aufgrund der Sperrung des Lennedamms, der Bahnhofstra\u00dfe sowie der Hagener Stra\u00dfe werden die Buslinien der M\u00e4rkischen Verkehrsgesellschaft GmbH (MVG) von Montag, 31. August, bis Dienstag, 8. September, umgeleitet. Informationen hierzu sind der Homepage der MVG zu entnehmen, unter\u00a0<a href=\"http:\/\/www.mvg-online.de\/\">www.mvg-online.de<\/a>.<\/p>\n<p>Die Abteilung Stra\u00dfenverkehr der Stadt Iserlohn bittet um Beachtung der Regelungen und Hinweise und w\u00fcnscht allen Festbesucherinnen und Festbesuchern ein ungetr\u00fcbtes Vergn\u00fcgen auf dem Br\u00fcckenfest.<\/p>\n","protected":false},"excerpt":{"rendered":"<p>(PSI). Das Br\u00fcckenfest in Iserlohn-Letmathe findet in diesem Jahr von  [&#8230;]<\/p>\n","protected":false},"author":3,"featured_media":27804,"comment_status":"closed","ping_status":"closed","sticky":false,"template":"","format":"standard","meta":{"footnotes":""},"categories":[10],"tags":[],"class_list":["post-27803","post","type-post","status-publish","format-standard","has-post-thumbnail","hentry","category-staedte-und-gemeinden"],"_links":{"self":[{"href":"https:\/\/www.mk-journal.de\/index.php\/wp-json\/wp\/v2\/posts\/27803","targetHints":{"allow":["GET"]}}],"collection":[{"href":"https:\/\/www.mk-journal.de\/index.php\/wp-json\/wp\/v2\/posts"}],"about":[{"href":"https:\/\/www.mk-journal.de\/index.php\/wp-json\/wp\/v2\/types\/post"}],"author":[{"embeddable":true,"href":"https:\/\/www.mk-journal.de\/index.php\/wp-json\/wp\/v2\/users\/3"}],"replies":[{"embeddable":true,"href":"https:\/\/www.mk-journal.de\/index.php\/wp-json\/wp\/v2\/comments?post=27803"}],"version-history":[{"count":2,"href":"https:\/\/www.mk-journal.de\/index.php\/wp-json\/wp\/v2\/posts\/27803\/revisions"}],"predecessor-version":[{"id":27806,"href":"https:\/\/www.mk-journal.de\/index.php\/wp-json\/wp\/v2\/posts\/27803\/revisions\/27806"}],"wp:featuredmedia":[{"embeddable":true,"href":"https:\/\/www.mk-journal.de\/index.php\/wp-json\/wp\/v2\/media\/27804"}],"wp:attachment":[{"href":"https:\/\/www.mk-journal.de\/index.php\/wp-json\/wp\/v2\/media?parent=27803"}],"wp:term":[{"taxonomy":"category","embeddable":true,"href":"https:\/\/www.mk-journal.de\/index.php\/wp-json\/wp\/v2\/categories?post=27803"},{"taxonomy":"post_tag","embeddable":true,"href":"https:\/\/www.mk-journal.de\/index.php\/wp-json\/wp\/v2\/tags?post=27803"}],"curies":[{"name":"wp","href":"https:\/\/api.w.org\/{rel}","templated":true}]}}