{"id":27814,"date":"2026-08-31T17:13:28","date_gmt":"2026-08-31T15:13:28","guid":{"rendered":"https:\/\/www.mk-journal.de\/?p=27814"},"modified":"2026-08-31T17:13:28","modified_gmt":"2026-08-31T15:13:28","slug":"von-der-projekt-zur-fachbereichsleitung","status":"publish","type":"post","link":"https:\/\/www.mk-journal.de\/index.php\/2026\/08\/31\/von-der-projekt-zur-fachbereichsleitung\/","title":{"rendered":"Von der Projekt- zur Fachbereichsleitung"},"content":{"rendered":"<h4><strong>Susanne Spornhauer feiert Dienstjubil\u00e4um und tritt neue Aufgabe beim Kreis Olpe an<\/strong><\/h4>\n<p>(PKO). Mitte August feierte Susanne Spornhauer ein Dienstjubil\u00e4um: Jetzt hat sie die Leitung des Fachbereichs \u201eJugend und Bildung\u201c\u00a0 \u00fcbernommen. Vor 25 Jahren startete sie als Jugendhilfeplanerin beim Kreis Olpe. In dieser Funktion leitete und begleitete sie unter anderem die Ausbauplanung der U3-Kinderbetreuung. Erfahrung in der offenen Kinder- und Jugendarbeit hatte die Siegenerin nach ihrem Studium in einem Jugendzentrum der Stadt Siegen gesammelt. Sp\u00e4ter war sie mehrere Jahre bei einem freien Tr\u00e4ger im Bereich betreute Wohnformen t\u00e4tig und absolvierte parallel ein zweites Studium der Diplomp\u00e4dagogik mit dem Ziel, in den Planungsbereich zu wechseln. So kam sie 2001 als Jugendhilfeplanerin zum Kreis Olpe.<\/p>\n<p><strong>&#8222;Regionales Bildungsnetzwerk&#8220; aufgebaut<\/strong><\/p>\n<p>2009 \u00fcbernahm sie dort Aufbau und Weiterentwicklung des \u201eRegionalen Bildungsnetzwerks\u201c (RBN) \u2013 einem Zusammenschluss aus dem gleichnamigen Fachdienst und dem von diesen gepflegten Verbindungen zu Schulen, freien Tr\u00e4gern der Jugendarbeit, Wirtschaft und anderen Akteuren. Wichtige Themen sind zum Beispiel der \u00dcbergang Schule-Beruf, Demokratiebildung, MINT-Bildung und Integrationsarbeit.<\/p>\n<p><strong>Nachfolgerin von Michael F\u00e4rber<\/strong><\/p>\n<p>Kurz vor dem Dienstjubil\u00e4um, im Juli 2026, folgte f\u00fcr Susanne Spornhauer ein weiterer Karriereschritt: Seitdem leitet sie als Nachfolgerin von Michael F\u00e4rber den Fachbereich 3, \u201eJugend und Bildung\u201c, beim Kreis Olpe. \u201eAuf diese neue Aufgabe mit gro\u00dfer Verantwortung freue ich mich sehr. Auf das eingespielte Team kann ich mich verlassen\u201c, sagt die 59-J\u00e4hrige.<\/p>\n<p><strong>Umsichtig und durchsetzungsstark<\/strong><\/p>\n<p>Auch Landrat Theo Melcher freut sich, den Fachbereich \u201eJugend und Bildung\u201c wieder in erfahrene H\u00e4nde legen zu k\u00f6nnen: \u201eZu diesem Fachbereich geh\u00f6ren das Jugendamt, das bei uns aus zwei Fachdiensten besteht, sowie das Regionale Bildungsnetzwerk und die Jugendhilfeplanung. Susanne Spornhauer verf\u00fcgt als studierte P\u00e4dagogin und langj\u00e4hrige Leiterin des RBN \u00fcber sehr viel Erfahrung in diesem Bereich. Wir kennen sie als umsichtig, durchsetzungsstark, humorvoll und hoch engagiert. All das macht sie zur idealen F\u00fchrungskraft.\u201c<\/p>\n","protected":false},"excerpt":{"rendered":"<p>Susanne Spornhauer feiert Dienstjubil\u00e4um und tritt neue Aufgabe beim Kreis  [&#8230;]<\/p>\n","protected":false},"author":3,"featured_media":27815,"comment_status":"closed","ping_status":"closed","sticky":false,"template":"","format":"standard","meta":{"footnotes":""},"categories":[12],"tags":[],"class_list":["post-27814","post","type-post","status-publish","format-standard","has-post-thumbnail","hentry","category-nachbarschaft"],"_links":{"self":[{"href":"https:\/\/www.mk-journal.de\/index.php\/wp-json\/wp\/v2\/posts\/27814","targetHints":{"allow":["GET"]}}],"collection":[{"href":"https:\/\/www.mk-journal.de\/index.php\/wp-json\/wp\/v2\/posts"}],"about":[{"href":"https:\/\/www.mk-journal.de\/index.php\/wp-json\/wp\/v2\/types\/post"}],"author":[{"embeddable":true,"href":"https:\/\/www.mk-journal.de\/index.php\/wp-json\/wp\/v2\/users\/3"}],"replies":[{"embeddable":true,"href":"https:\/\/www.mk-journal.de\/index.php\/wp-json\/wp\/v2\/comments?post=27814"}],"version-history":[{"count":1,"href":"https:\/\/www.mk-journal.de\/index.php\/wp-json\/wp\/v2\/posts\/27814\/revisions"}],"predecessor-version":[{"id":27816,"href":"https:\/\/www.mk-journal.de\/index.php\/wp-json\/wp\/v2\/posts\/27814\/revisions\/27816"}],"wp:featuredmedia":[{"embeddable":true,"href":"https:\/\/www.mk-journal.de\/index.php\/wp-json\/wp\/v2\/media\/27815"}],"wp:attachment":[{"href":"https:\/\/www.mk-journal.de\/index.php\/wp-json\/wp\/v2\/media?parent=27814"}],"wp:term":[{"taxonomy":"category","embeddable":true,"href":"https:\/\/www.mk-journal.de\/index.php\/wp-json\/wp\/v2\/categories?post=27814"},{"taxonomy":"post_tag","embeddable":true,"href":"https:\/\/www.mk-journal.de\/index.php\/wp-json\/wp\/v2\/tags?post=27814"}],"curies":[{"name":"wp","href":"https:\/\/api.w.org\/{rel}","templated":true}]}}