{"id":27817,"date":"2026-08-31T17:33:01","date_gmt":"2026-08-31T15:33:01","guid":{"rendered":"https:\/\/www.mk-journal.de\/?p=27817"},"modified":"2026-08-31T17:33:01","modified_gmt":"2026-08-31T15:33:01","slug":"hohe-auszeichnung-fuer-arndt-g-kirchhoff","status":"publish","type":"post","link":"https:\/\/www.mk-journal.de\/index.php\/2026\/08\/31\/hohe-auszeichnung-fuer-arndt-g-kirchhoff\/","title":{"rendered":"Hohe Auszeichnung f\u00fcr Arndt G. Kirchhoff"},"content":{"rendered":"<p>(EB). Anl\u00e4sslich des 80-j\u00e4hrigen Jubil\u00e4ums des Landes Nordrhein-Westfalen hat Ministerpr\u00e4sident Hendrik W\u00fcst Personen ausgezeichnet, die sich in besonderer Weise um das Land NRW verdient gemacht haben. Zu den neun Ordenstr\u00e4gern geh\u00f6rt auch der heimische Unternehmer Arndt Kirchhoff. Mit dieser Ehrung ist nur das erfolgreiche Wirken der Kirchhoff Group gew\u00fcrdigt worden, sondern vor allem das gro\u00dfe ehrenamtliche Engagement in Verb\u00e4nden, f\u00fcr die Wissenschaft und die Region S\u00fcdwestfalen.<\/p>\n<p><strong>Seltene Auszeichnung<\/strong><\/p>\n<p>Der Verdienstorden des Landes ist 1986 von Johannes Rau gestiftet worden. Da die Zahl der Ordenstr\u00e4ger begrenzt ist, wird er nur sehr selten vergeben. Deshalb lie\u00dfen es sich die heimischen CDU-Bundestags- und Landtagsabgeordneten Paul Ziemiak und Thorsten Schick nicht nehmen, bei der Verleihung in der D\u00fcsseldorfer Staatskanzlei dabei zu sein. Zu den weiteren ausgezeichneten Personen geh\u00f6rten bekannte Pers\u00f6nlichkeiten wie Veronica Ferres oder Franz M\u00fcntefering.<\/p>\n<p>&nbsp;<\/p>\n","protected":false},"excerpt":{"rendered":"<p>(EB). Anl\u00e4sslich des 80-j\u00e4hrigen Jubil\u00e4ums des Landes Nordrhein-Westfalen hat Ministerpr\u00e4sident  [&#8230;]<\/p>\n","protected":false},"author":3,"featured_media":27818,"comment_status":"closed","ping_status":"closed","sticky":false,"template":"","format":"standard","meta":{"footnotes":""},"categories":[9],"tags":[],"class_list":["post-27817","post","type-post","status-publish","format-standard","has-post-thumbnail","hentry","category-gute-nachricht"],"_links":{"self":[{"href":"https:\/\/www.mk-journal.de\/index.php\/wp-json\/wp\/v2\/posts\/27817","targetHints":{"allow":["GET"]}}],"collection":[{"href":"https:\/\/www.mk-journal.de\/index.php\/wp-json\/wp\/v2\/posts"}],"about":[{"href":"https:\/\/www.mk-journal.de\/index.php\/wp-json\/wp\/v2\/types\/post"}],"author":[{"embeddable":true,"href":"https:\/\/www.mk-journal.de\/index.php\/wp-json\/wp\/v2\/users\/3"}],"replies":[{"embeddable":true,"href":"https:\/\/www.mk-journal.de\/index.php\/wp-json\/wp\/v2\/comments?post=27817"}],"version-history":[{"count":1,"href":"https:\/\/www.mk-journal.de\/index.php\/wp-json\/wp\/v2\/posts\/27817\/revisions"}],"predecessor-version":[{"id":27819,"href":"https:\/\/www.mk-journal.de\/index.php\/wp-json\/wp\/v2\/posts\/27817\/revisions\/27819"}],"wp:featuredmedia":[{"embeddable":true,"href":"https:\/\/www.mk-journal.de\/index.php\/wp-json\/wp\/v2\/media\/27818"}],"wp:attachment":[{"href":"https:\/\/www.mk-journal.de\/index.php\/wp-json\/wp\/v2\/media?parent=27817"}],"wp:term":[{"taxonomy":"category","embeddable":true,"href":"https:\/\/www.mk-journal.de\/index.php\/wp-json\/wp\/v2\/categories?post=27817"},{"taxonomy":"post_tag","embeddable":true,"href":"https:\/\/www.mk-journal.de\/index.php\/wp-json\/wp\/v2\/tags?post=27817"}],"curies":[{"name":"wp","href":"https:\/\/api.w.org\/{rel}","templated":true}]}}