{"id":27820,"date":"2026-09-01T10:25:06","date_gmt":"2026-09-01T08:25:06","guid":{"rendered":"https:\/\/www.mk-journal.de\/?p=27820"},"modified":"2026-09-01T10:38:10","modified_gmt":"2026-09-01T08:38:10","slug":"brand-in-einem-mehrfamilienhaus","status":"publish","type":"post","link":"https:\/\/www.mk-journal.de\/index.php\/2026\/09\/01\/brand-in-einem-mehrfamilienhaus\/","title":{"rendered":"Brand in einem Mehrfamilienhaus"},"content":{"rendered":"<h4>Eine Person in Menden verletzt<\/h4>\n<p>(ots). Eine Person wurde am Dienstag (01.09.) in den fr\u00fchen Morgenstunden bei einem Brand in der Mendener Innenstadt verletzt. Gegen 4:30 Uhr wurden die L\u00f6schz\u00fcge der Feuerwache und Menden-Mitte durch die Leitstelle des M\u00e4rkischen Kreises alarmiert. Mehrere Anrufer hatten ein Feuer im Bereich der Hochstra\u00dfe gemeldet. Die Polizei ermittelt wegen fahrl\u00e4ssiger Brandstiftung gegen einen 87 Jahre alten Mendener. Offenbar war auf Grund einer Fahrl\u00e4ssigkeit etwas in Brand geraten. Ursache k\u00f6nnte Essen auf dem Herd gewesen sein. Der 87-J\u00e4hrige wurde durch einen Rettungswagen versorgt, die Feuerwehr l\u00f6schte den Brand in der Wohnung.<\/p>\n<p><strong>Nachbarn haben geholfen<\/strong><\/p>\n<p>Bei Eintreffen der ersten Einsatzkr\u00e4fte best\u00e4tigte sich die Meldung: In einem Mehrfamilienhaus in der Hochstra\u00dfe brannte es, durch ein bereits geplatztes Zimmer drangen Feuer und Rauch nach au\u00dfen. Der 87-J\u00e4hrige war bereits mit Hilfe von Nachbarn aus dem Geb\u00e4ude geflohen. Die \u00fcbrigen Bewohner des betroffenen Geb\u00e4udes konnten w\u00e4hrend der L\u00f6schma\u00dfnahmen in einer benachbarten Eisdiele unterkommen, die von den Besitzern spontan daf\u00fcr ge\u00f6ffnet und zur Verf\u00fcgung gestellt wurde.<\/p>\n<p><strong>40 Helfer im Einsatz<\/strong><\/p>\n<p>Mit mehreren Trupps unter Atemschutz und \u00fcber die Drehleiter durchsuchten die Einsatzkr\u00e4fte die Brandwohnung, l\u00f6schten das Feuer, kontrollierten das Geb\u00e4ude und l\u00fcfteten abschlie\u00dfend. Nach zwei Stunden konnte die Einsatzstelle an die Polizei \u00fcbergeben werden und die rund 40 Helfer von Feuerwehr und Rettungsdienst wieder einr\u00fccken.<\/p>\n<p>&nbsp;<\/p>\n","protected":false},"excerpt":{"rendered":"<p>Eine Person in Menden verletzt (ots). Eine Person wurde am  [&#8230;]<\/p>\n","protected":false},"author":3,"featured_media":27821,"comment_status":"closed","ping_status":"closed","sticky":false,"template":"","format":"standard","meta":{"footnotes":""},"categories":[3],"tags":[],"class_list":["post-27820","post","type-post","status-publish","format-standard","has-post-thumbnail","hentry","category-polizeimeldungen"],"_links":{"self":[{"href":"https:\/\/www.mk-journal.de\/index.php\/wp-json\/wp\/v2\/posts\/27820","targetHints":{"allow":["GET"]}}],"collection":[{"href":"https:\/\/www.mk-journal.de\/index.php\/wp-json\/wp\/v2\/posts"}],"about":[{"href":"https:\/\/www.mk-journal.de\/index.php\/wp-json\/wp\/v2\/types\/post"}],"author":[{"embeddable":true,"href":"https:\/\/www.mk-journal.de\/index.php\/wp-json\/wp\/v2\/users\/3"}],"replies":[{"embeddable":true,"href":"https:\/\/www.mk-journal.de\/index.php\/wp-json\/wp\/v2\/comments?post=27820"}],"version-history":[{"count":3,"href":"https:\/\/www.mk-journal.de\/index.php\/wp-json\/wp\/v2\/posts\/27820\/revisions"}],"predecessor-version":[{"id":27824,"href":"https:\/\/www.mk-journal.de\/index.php\/wp-json\/wp\/v2\/posts\/27820\/revisions\/27824"}],"wp:featuredmedia":[{"embeddable":true,"href":"https:\/\/www.mk-journal.de\/index.php\/wp-json\/wp\/v2\/media\/27821"}],"wp:attachment":[{"href":"https:\/\/www.mk-journal.de\/index.php\/wp-json\/wp\/v2\/media?parent=27820"}],"wp:term":[{"taxonomy":"category","embeddable":true,"href":"https:\/\/www.mk-journal.de\/index.php\/wp-json\/wp\/v2\/categories?post=27820"},{"taxonomy":"post_tag","embeddable":true,"href":"https:\/\/www.mk-journal.de\/index.php\/wp-json\/wp\/v2\/tags?post=27820"}],"curies":[{"name":"wp","href":"https:\/\/api.w.org\/{rel}","templated":true}]}}