{"id":27828,"date":"2026-09-01T11:01:37","date_gmt":"2026-09-01T09:01:37","guid":{"rendered":"https:\/\/www.mk-journal.de\/?p=27828"},"modified":"2026-09-01T11:01:37","modified_gmt":"2026-09-01T09:01:37","slug":"zwei-polizisten-durch-schlaege-verletzt","status":"publish","type":"post","link":"https:\/\/www.mk-journal.de\/index.php\/2026\/09\/01\/zwei-polizisten-durch-schlaege-verletzt\/","title":{"rendered":"Zwei Polizisten durch Schl\u00e4ge verletzt"},"content":{"rendered":"<p>(ots). Nach Schl\u00e4gen an der Gr\u00fcberstra\u00dfe in L\u00fcdenscheid ermittelt die Polizei wegen gef\u00e4hrlicher K\u00f6rperverletzung und t\u00e4tlichen Angriffs auf Polizeibeamte. Gegen 2.20 Uhr am fr\u00fchen Dienstagmorgen riefen Zeugen die Polizei, weil sich mehrere Personen auf der Stra\u00dfe schlagen sollen. Ein 24-j\u00e4hriger L\u00fcdenscheider lag bei Eintreffen der Gesetzesh\u00fcter verletzt am Boden und wurde im Anschluss durch einen Rettungswagen versorgt. Die anderen Personen waren gefl\u00fcchtet.<\/p>\n<p><strong>19-J\u00e4hriger festgenommen<\/strong><\/p>\n<p>W\u00e4hrend der Sachverhaltskl\u00e4rung kamen eine 55-j\u00e4hrige L\u00fcdenscheiderin und ein 19-j\u00e4hriger L\u00fcdenscheider hinzu und st\u00f6rten die Ma\u00dfnahmen der Polizeibeamten. Im Zuge dessen gingen sie die Polizisten mit Schl\u00e4gen an, zwei Beamte wurden leicht verletzt. Die Dame beruhigte sich vor Ort. Der 19-J\u00e4hrige f\u00fchrte einen Schlagring mit sich und war offenbar alkoholisiert. Er wurde in Gewahrsam genommen, eine Anzeige wegen des Versto\u00dfes gegen das Waffengesetz folgt zudem. Nun bittet die Polizei um Hinweise zur urspr\u00fcnglichen Auseinandersetzung an 0235190990.<\/p>\n","protected":false},"excerpt":{"rendered":"<p>(ots). Nach Schl\u00e4gen an der Gr\u00fcberstra\u00dfe in L\u00fcdenscheid ermittelt die  [&#8230;]<\/p>\n","protected":false},"author":3,"featured_media":27829,"comment_status":"closed","ping_status":"closed","sticky":false,"template":"","format":"standard","meta":{"footnotes":""},"categories":[3],"tags":[],"class_list":["post-27828","post","type-post","status-publish","format-standard","has-post-thumbnail","hentry","category-polizeimeldungen"],"_links":{"self":[{"href":"https:\/\/www.mk-journal.de\/index.php\/wp-json\/wp\/v2\/posts\/27828","targetHints":{"allow":["GET"]}}],"collection":[{"href":"https:\/\/www.mk-journal.de\/index.php\/wp-json\/wp\/v2\/posts"}],"about":[{"href":"https:\/\/www.mk-journal.de\/index.php\/wp-json\/wp\/v2\/types\/post"}],"author":[{"embeddable":true,"href":"https:\/\/www.mk-journal.de\/index.php\/wp-json\/wp\/v2\/users\/3"}],"replies":[{"embeddable":true,"href":"https:\/\/www.mk-journal.de\/index.php\/wp-json\/wp\/v2\/comments?post=27828"}],"version-history":[{"count":1,"href":"https:\/\/www.mk-journal.de\/index.php\/wp-json\/wp\/v2\/posts\/27828\/revisions"}],"predecessor-version":[{"id":27830,"href":"https:\/\/www.mk-journal.de\/index.php\/wp-json\/wp\/v2\/posts\/27828\/revisions\/27830"}],"wp:featuredmedia":[{"embeddable":true,"href":"https:\/\/www.mk-journal.de\/index.php\/wp-json\/wp\/v2\/media\/27829"}],"wp:attachment":[{"href":"https:\/\/www.mk-journal.de\/index.php\/wp-json\/wp\/v2\/media?parent=27828"}],"wp:term":[{"taxonomy":"category","embeddable":true,"href":"https:\/\/www.mk-journal.de\/index.php\/wp-json\/wp\/v2\/categories?post=27828"},{"taxonomy":"post_tag","embeddable":true,"href":"https:\/\/www.mk-journal.de\/index.php\/wp-json\/wp\/v2\/tags?post=27828"}],"curies":[{"name":"wp","href":"https:\/\/api.w.org\/{rel}","templated":true}]}}