{"id":27831,"date":"2026-09-01T11:30:57","date_gmt":"2026-09-01T09:30:57","guid":{"rendered":"https:\/\/www.mk-journal.de\/?p=27831"},"modified":"2026-09-01T11:34:41","modified_gmt":"2026-09-01T09:34:41","slug":"mehr-kunden-in-der-innenstadt","status":"publish","type":"post","link":"https:\/\/www.mk-journal.de\/index.php\/2026\/09\/01\/mehr-kunden-in-der-innenstadt\/","title":{"rendered":"Mehr Kunden in der Innenstadt"},"content":{"rendered":"<p><strong>SIHK misst Passantenfrequenz in Iserlohn<\/strong><\/p>\n<p>(EB). Die S\u00fcdwestf\u00e4lische Industrie- und Handelskammer zu Hagen (SIHK) erfasst die Passantenfrequenzen seit November 2023 an 26 Messstellen in zw\u00f6lf Kommunen ihres Zust\u00e4ndigkeitsbereichs. Gemessen wird anonym \u00fcber Signale mobiler Endger\u00e4te. Pers\u00f6nliche Daten werden nicht gespeichert. Die Ergebnisse und Grafiken aller Standorte sind unter www.sihk.de\/passanten abrufbar.<\/p>\n<p><strong>Welche Zeiten\u00a0<\/strong><\/p>\n<p>Wie belebt ist eine Innenstadt &#8211; und zu welchen Zeiten sind besonders viele Menschen unterwegs? Dar\u00fcber gibt die Passantenfrequenz Auskunft. Sie zeigt, wie stark einzelne Stra\u00dfen und Pl\u00e4tze im Tages-, Wochen- und Jahresverlauf genutzt werden. F\u00fcr Handel, Gastronomie, Dienstleistungen, Stadtmarketing und Kommunen sind diese Informationen eine wichtige Orientierung: Sie helfen dabei, Entwicklungen zu erkennen, \u00d6ffnungszeiten, Aktionen oder Veranstaltungen besser zu planen und die Wirkung neuer Angebote zu beobachten.<\/p>\n<p><strong>Drei Messpunkte<\/strong><\/p>\n<p>In Iserlohn wertet die SIHK zu Hagen die Messpunkte an der Unnaer Stra\u00dfe, der Wermingser Stra\u00dfe und am Alten Rathausplatz aus. Die Entwicklung f\u00e4llt je nach Lage unterschiedlich aus: An der Unnaer Stra\u00dfe und an der Wermingser Stra\u00dfe lagen die Frequenzen in den vergleichbaren Zeitr\u00e4umen \u00fcber den Vorjahreswerten. Am Alten Rathausplatz blieb das Niveau dagegen unter dem Wert von 2025. F\u00fcr die Innenstadt insgesamt ergibt sich damit kein einheitlicher Trend.<\/p>\n<p><strong>Samstag st\u00e4rkster Wochentag<\/strong><\/p>\n<p>Ein gemeinsames Muster zeigt sich jedoch im Wochenverlauf: Der Samstag ist an allen drei Messpunkten der st\u00e4rkste Wochentag. Die belebteste Phase liegt meist rund um die Mittagszeit. Bei den Monatswerten sticht der M\u00e4rz hervor: Er war an der Unnaer Stra\u00dfe und am Alten Rathausplatz besonders stark. An der Wermingser Stra\u00dfe lag der h\u00f6chste Monatswert im April. Ein auff\u00e4lliger Einzeltag war Sonntag, der 22. M\u00e4rz, an dem der Holland-Markt daf\u00fcr gesorgt hat, dass man deutlich \u00fcber dem \u00fcblichen Sonntagsniveau lag.<\/p>\n<p><strong>Alter Rathausplatz: Frequenz negativ<\/strong><\/p>\n<p>\u201eIserlohn zeigt sehr anschaulich, warum wir mehrere Messpunkte brauchen. Zwei Stra\u00dfen entwickeln sich positiv, w\u00e4hrend der Alte Rathausplatz eine andere Tendenz zeigt. Gleichzeitig verbindet alle drei Standorte der starke Samstag\u201c, sagt Tobias Prinz, SIHK-Teamleiter \u2018Gr\u00fcndung, Unternehmensentwicklung und Digitale Chancen\u2019. \u201eF\u00fcr H\u00e4ndler, Gastronomen und Veranstalter ist besonders interessant, dass die st\u00e4rkste Zeit samstags rund um die Mittagsstunden liegt. Wer Angebote oder Aktionen plant, kann solche wiederkehrenden Besucherstr\u00f6me gezielt ber\u00fccksichtigen\u201c, so Prinz.<\/p>\n","protected":false},"excerpt":{"rendered":"<p>SIHK misst Passantenfrequenz in Iserlohn (EB). Die S\u00fcdwestf\u00e4lische Industrie- und  [&#8230;]<\/p>\n","protected":false},"author":3,"featured_media":27833,"comment_status":"closed","ping_status":"closed","sticky":false,"template":"","format":"standard","meta":{"footnotes":""},"categories":[18],"tags":[],"class_list":["post-27831","post","type-post","status-publish","format-standard","has-post-thumbnail","hentry","category-witschaft"],"_links":{"self":[{"href":"https:\/\/www.mk-journal.de\/index.php\/wp-json\/wp\/v2\/posts\/27831","targetHints":{"allow":["GET"]}}],"collection":[{"href":"https:\/\/www.mk-journal.de\/index.php\/wp-json\/wp\/v2\/posts"}],"about":[{"href":"https:\/\/www.mk-journal.de\/index.php\/wp-json\/wp\/v2\/types\/post"}],"author":[{"embeddable":true,"href":"https:\/\/www.mk-journal.de\/index.php\/wp-json\/wp\/v2\/users\/3"}],"replies":[{"embeddable":true,"href":"https:\/\/www.mk-journal.de\/index.php\/wp-json\/wp\/v2\/comments?post=27831"}],"version-history":[{"count":1,"href":"https:\/\/www.mk-journal.de\/index.php\/wp-json\/wp\/v2\/posts\/27831\/revisions"}],"predecessor-version":[{"id":27834,"href":"https:\/\/www.mk-journal.de\/index.php\/wp-json\/wp\/v2\/posts\/27831\/revisions\/27834"}],"wp:featuredmedia":[{"embeddable":true,"href":"https:\/\/www.mk-journal.de\/index.php\/wp-json\/wp\/v2\/media\/27833"}],"wp:attachment":[{"href":"https:\/\/www.mk-journal.de\/index.php\/wp-json\/wp\/v2\/media?parent=27831"}],"wp:term":[{"taxonomy":"category","embeddable":true,"href":"https:\/\/www.mk-journal.de\/index.php\/wp-json\/wp\/v2\/categories?post=27831"},{"taxonomy":"post_tag","embeddable":true,"href":"https:\/\/www.mk-journal.de\/index.php\/wp-json\/wp\/v2\/tags?post=27831"}],"curies":[{"name":"wp","href":"https:\/\/api.w.org\/{rel}","templated":true}]}}