{"id":27838,"date":"2026-09-01T11:54:15","date_gmt":"2026-09-01T09:54:15","guid":{"rendered":"https:\/\/www.mk-journal.de\/?p=27838"},"modified":"2026-09-01T12:01:50","modified_gmt":"2026-09-01T10:01:50","slug":"kostenlose-fuehrungen-zum-tag-des-offenen-denkmals","status":"publish","type":"post","link":"https:\/\/www.mk-journal.de\/index.php\/2026\/09\/01\/kostenlose-fuehrungen-zum-tag-des-offenen-denkmals\/","title":{"rendered":"Kostenlose F\u00fchrungen zum Tag des offenen Denkmals"},"content":{"rendered":"<p>(pmk). Die Museen Burg Altena, das Deutsche Drahtmuseum und die Luisenh\u00fctte in Balve-Wocklum beteiligen sich mit kostenlosen F\u00fchrungen am Tag des offenen Denkmals. Der bundesweite Aktionstag am Sonntag, 13. September, steht in diesem Jahr unter dem Motto \u201eNETZwerke: Denkmale &amp; Infrastruktur\u201c.<\/p>\n<p><strong>Wandgem\u00e4lde im Festsaal<\/strong><\/p>\n<p>Die F\u00fchrungen zum Denkmaltag am 13. September auf der Burg Altena starten um 13 und 15 Uhr. Sie erm\u00f6glichen Einblicke in einen Raum, der sonst nur G\u00e4sten des Burgrestaurants zug\u00e4nglich ist \u2013 den Festsaal. Die kunstvoll bemalten W\u00e4nde dieses Saals der Gastronomie erinnern an einen handgewebten Wandteppich aus der Zeit des \u00dcbergangs von der Gotik zur Renaissance. Der damalige Kreis Altena beauftragte 1955 den Kunstmaler Joachim B\u00f6hmer mit der Ausgestaltung des Raumes. Die Motive entnahm der K\u00fcnstler Gobelins, mittelalterlichen Handschriften und Miniaturen.<\/p>\n<p><strong>Vortrag erstmals und exklusiv<\/strong><\/p>\n<p>Zwischen gro\u00dfen Ranken mit stilisierten Bl\u00e4ttern ist das Leben der Ritter, Edeldamen und Landsknechte ebenso zu sehen wie das der B\u00fcrger und Bauern. Neben ernsthaften Themen finden sich immer wieder humorvolle Details. Museumsf\u00fchrer Gerd Klimpel hat sich intensiv mit dem umfangreichen Wandgem\u00e4lde besch\u00e4ftigt. In seiner F\u00fchrung wird er auf den K\u00fcnstler eingehen sowie einzelne Motive erl\u00e4utern. Dabei wird deutlich, dass auch vermeintliche Kleinigkeiten, wie die Mimik und Gestik der dargestellten Menschen und Tiere, zum Gesamtverst\u00e4ndnis des Wandgem\u00e4ldes beitragen. Der Vortrag wird am Denkmaltag exklusiv und erstmals \u00f6ffentlich zu h\u00f6ren sein. Der Festsaal wird vom Burgrestaurant f\u00fcr gr\u00f6\u00dfere Feiern wie Hochzeiten oder besondere Geburtstage genutzt. Der M\u00e4rkische Kreis nutzt den repr\u00e4sentativen Raum ebenfalls f\u00fcr besondere Veranstaltungen. Mehr Informationen zur Burg Altena: <a href=\"https:\/\/www.burg-altena.de\/\">https:\/\/www.burg-altena.de\/<\/a><\/p>\n<p><strong>&#8222;Draht verbindet die Welt&#8220;<\/strong><\/p>\n<p>Das Deutsche Drahtmuseum befindet sich rund 500 Meter unterhalb der Burg Altena. Das Geb\u00e4ude wurde ab 1875 als M\u00e4dchenschule genutzt und steht unter Denkmalschutz. Seit 1994 ist es Sitz des Deutschen Drahtmuseums. Am 13. September starten um 13 und um 15 Uhr kostenlose F\u00fchrungen durch die Ausstellung unter dem Motto \u201eDraht verbindet die Welt\u201c. Das Motto des diesj\u00e4hrigen Denkmaltags \u201eNETZwerke: Denkmale &amp; Infrastruktur\u201c passt hervorragend zur Ausstellung des Museums. Hier wird deutlich: Ob als transatlantisches Seekabel auf dem Meeresgrund oder als Stromleitung im Hochspannungsnetz, Draht bildet das unsichtbare R\u00fcckgrat der modernen Zivilisation. Weitere wichtige Einsatzgebiete des Werkstoffes sind der Br\u00fcckenbau oder die Telekommunikation. Die F\u00fchrung legt einen Schwerpunkt auf das Thema Infrastruktur, wird aber auch einem allgemeinen \u00dcberblick zur Ausstellung geben. Mehr Informationen:\u00a0<a href=\"https:\/\/www.burg-altena.de\/deutsches-drahtmuseum\">https:\/\/www.burg-altena.de\/deutsches-drahtmuseum<\/a><\/p>\n<p><strong>Denkmal von nationaler Bedeutung<\/strong><\/p>\n<p>Die 1865 stillgelegte Luisenh\u00fctte in Balve-Wocklum ist seit 2004 Denkmal von nationaler Bedeutung. Einzigartig in Deutschland kann eine mit Wasserkraft und Holzkohle betriebene Hochofenanlage besichtigt werden. Heute ist die Luisenh\u00fctte ein Industriemuseum. Zum Denkmaltag am 13. September finden um 13 und um 15 Uhr zwei kostenlose F\u00fchrung mit dem Titel \u201eErlebnis H\u00fcttenschicht\u201c statt. Bei dem Rundgang folgt die Gruppe der Spur des Eisens. Startpunkt ist vor der H\u00fcttensch\u00e4nke. Mehr Informationen:\u00a0<a href=\"https:\/\/www.luisenhuette-wocklum.de\/\">https:\/\/www.luisenhuette-wocklum.de\/<\/a><\/p>\n<p>Eine Anmeldung zu den F\u00fchrungen ist in allen drei Museen nicht erforderlich. Die Museen sind an diesem Tag von 11 bis 18 Uhr ge\u00f6ffnet, der Eintritt ist frei. Weitere Infos unter:\u00a0<a href=\"http:\/\/www.tag-des-offenen-denkmals.de\/\">www.tag-des-offenen-denkmals.de<\/a><\/p>\n","protected":false},"excerpt":{"rendered":"<p>(pmk). Die Museen Burg Altena, das Deutsche Drahtmuseum und die  [&#8230;]<\/p>\n","protected":false},"author":3,"featured_media":27839,"comment_status":"closed","ping_status":"closed","sticky":false,"template":"","format":"standard","meta":{"footnotes":""},"categories":[6],"tags":[],"class_list":["post-27838","post","type-post","status-publish","format-standard","has-post-thumbnail","hentry","category-kultur"],"_links":{"self":[{"href":"https:\/\/www.mk-journal.de\/index.php\/wp-json\/wp\/v2\/posts\/27838","targetHints":{"allow":["GET"]}}],"collection":[{"href":"https:\/\/www.mk-journal.de\/index.php\/wp-json\/wp\/v2\/posts"}],"about":[{"href":"https:\/\/www.mk-journal.de\/index.php\/wp-json\/wp\/v2\/types\/post"}],"author":[{"embeddable":true,"href":"https:\/\/www.mk-journal.de\/index.php\/wp-json\/wp\/v2\/users\/3"}],"replies":[{"embeddable":true,"href":"https:\/\/www.mk-journal.de\/index.php\/wp-json\/wp\/v2\/comments?post=27838"}],"version-history":[{"count":1,"href":"https:\/\/www.mk-journal.de\/index.php\/wp-json\/wp\/v2\/posts\/27838\/revisions"}],"predecessor-version":[{"id":27840,"href":"https:\/\/www.mk-journal.de\/index.php\/wp-json\/wp\/v2\/posts\/27838\/revisions\/27840"}],"wp:featuredmedia":[{"embeddable":true,"href":"https:\/\/www.mk-journal.de\/index.php\/wp-json\/wp\/v2\/media\/27839"}],"wp:attachment":[{"href":"https:\/\/www.mk-journal.de\/index.php\/wp-json\/wp\/v2\/media?parent=27838"}],"wp:term":[{"taxonomy":"category","embeddable":true,"href":"https:\/\/www.mk-journal.de\/index.php\/wp-json\/wp\/v2\/categories?post=27838"},{"taxonomy":"post_tag","embeddable":true,"href":"https:\/\/www.mk-journal.de\/index.php\/wp-json\/wp\/v2\/tags?post=27838"}],"curies":[{"name":"wp","href":"https:\/\/api.w.org\/{rel}","templated":true}]}}