{"id":27855,"date":"2026-09-02T12:23:20","date_gmt":"2026-09-02T10:23:20","guid":{"rendered":"https:\/\/www.mk-journal.de\/?p=27855"},"modified":"2026-09-02T12:23:20","modified_gmt":"2026-09-02T10:23:20","slug":"fdp-waehlt-ihre-landtagskandidaten","status":"publish","type":"post","link":"https:\/\/www.mk-journal.de\/index.php\/2026\/09\/02\/fdp-waehlt-ihre-landtagskandidaten\/","title":{"rendered":"FDP w\u00e4hlt ihre Landtagskandidaten"},"content":{"rendered":"<h4><strong>Armin Speckmann, Christoph Klein und Christoph Wagener treten an<\/strong><\/h4>\n<p><strong>Von Hendrik Klein<\/strong><\/p>\n<p>In rekordverd\u00e4chtigen 65 Minuten w\u00e4hlten die Liberalen bei ihrer Kreiswahlversammlung in Iserlohn ihre drei FDP-Kandidaten f\u00fcr die Landtagswahl im April n\u00e4chsten Jahres. Die 28 Stimmberechtigten folgten dabei einm\u00fctig der Empfehlung des Kreisvorstandes. Somit treten Armin Speckmann aus Nachrodt-Wiblingwerde im Wahlkreis 121 M\u00e4rkischer Kreis I (Altena, Iserlohn, Nachrodt-Wiblingwerde und Werdohl), Christoph Klein aus Hemer im Wahlkreis 122 M\u00e4rkischer Kreis II (Menden, Hemer, Balve, Neuenrade und Plettenberg) sowie Christoph Wagener aus L\u00fcdenscheid im Wahlkreis 123 M\u00e4rkischer Kreis III (Halver, Herscheid, Kierspe, L\u00fcdenscheid, Meinerzhagen und Schalksm\u00fchle) an. Alle drei wurden mit \u00fcberw\u00e4ltigender Mehrheit gew\u00e4hlt, sie erhielten 26 (Speckmann), 27 (Klein) und 26 (Wagener) Ja-Stimmen.<\/p>\n<p><strong>Professionell und z\u00fcgig gearbeitet<\/strong><\/p>\n<p>Gekonnt professionell f\u00fchrten Eva Thielen und Axel Hoffmann durch die Versammlung, die im Iserlohner Gewerbe- und Gr\u00fcnderzentrum Corunna stattfand. Entschuldigen mussten beiden eingangs den FDP-Kreisvorsitzenden Kai Krause. Der Meinerzhagener hatte sich krankheitsbedingt abgemeldet. Auch die Z\u00e4hlkommission unter der Leitung von Jens Holzrichter arbeitete z\u00fcgig, musste nur einmal bei einem Wahlergebnis erneut genau hinschauen.<\/p>\n<p><strong>Zuh\u00f6ren und handeln<\/strong><\/p>\n<p>Alle drei Bewerber stellten sich den anwesenden Parteifreunden vor, gingen auch auf ihre politischen Schwerpunkte ein. Armin Speckmann, Anwalt aus Nachrodt-Wiblingwerde und einziges FDP-Gemeinderatsmitglied dort, war von der SPD zu den Liberalen gewechselt. \u201eIch stehe f\u00fcr eine Politik, die zuh\u00f6rt und handelt anstatt zu kassieren, zu reglementieren und nur den Status quo zu verwalten\u201c, so Speckmann auf seinem Wahlflyer.<\/p>\n<p><strong>B\u00fcrokratie abbauen<\/strong><\/p>\n<p>\u201ePolitik f\u00fcr den Mittelstand\u201c machen will der Hemeraner Christoph Klein. Der Bankkaufmann und Unternehmensberater erhielt das beste Wahlergebnis bei der Kreiswahlversammlung. Beruflich sorge er daf\u00fcr, dass Prozesse schneller werden statt langsamer. \u201eIch m\u00f6chte einen Staat, der bei Stra\u00dfen, Schulen und Innerer Sicherheit weniger verwaltet und mehr liefert\u201c, so Klein. Deshalb fordert er einen weiteren B\u00fcrokratieabbau.<\/p>\n<p><strong>Bildung und Infrastruktur<\/strong><\/p>\n<p>Die Bildungspolitik und die Verbesserung der Infrastruktur stellte der L\u00fcdenscheider Christoph Wagener in den Mittelpunkt seiner Bewerbungsrede. Der verheiratete Vater von zwei T\u00f6chtern. Der gelernte Einzelhandelskaufmann ist Inhaber eines Weinkontors in L\u00fcdenscheid.<\/p>\n","protected":false},"excerpt":{"rendered":"<p>Armin Speckmann, Christoph Klein und Christoph Wagener treten an Von  [&#8230;]<\/p>\n","protected":false},"author":3,"featured_media":27856,"comment_status":"closed","ping_status":"closed","sticky":false,"template":"","format":"standard","meta":{"footnotes":""},"categories":[5],"tags":[],"class_list":["post-27855","post","type-post","status-publish","format-standard","has-post-thumbnail","hentry","category-politik"],"_links":{"self":[{"href":"https:\/\/www.mk-journal.de\/index.php\/wp-json\/wp\/v2\/posts\/27855","targetHints":{"allow":["GET"]}}],"collection":[{"href":"https:\/\/www.mk-journal.de\/index.php\/wp-json\/wp\/v2\/posts"}],"about":[{"href":"https:\/\/www.mk-journal.de\/index.php\/wp-json\/wp\/v2\/types\/post"}],"author":[{"embeddable":true,"href":"https:\/\/www.mk-journal.de\/index.php\/wp-json\/wp\/v2\/users\/3"}],"replies":[{"embeddable":true,"href":"https:\/\/www.mk-journal.de\/index.php\/wp-json\/wp\/v2\/comments?post=27855"}],"version-history":[{"count":1,"href":"https:\/\/www.mk-journal.de\/index.php\/wp-json\/wp\/v2\/posts\/27855\/revisions"}],"predecessor-version":[{"id":27857,"href":"https:\/\/www.mk-journal.de\/index.php\/wp-json\/wp\/v2\/posts\/27855\/revisions\/27857"}],"wp:featuredmedia":[{"embeddable":true,"href":"https:\/\/www.mk-journal.de\/index.php\/wp-json\/wp\/v2\/media\/27856"}],"wp:attachment":[{"href":"https:\/\/www.mk-journal.de\/index.php\/wp-json\/wp\/v2\/media?parent=27855"}],"wp:term":[{"taxonomy":"category","embeddable":true,"href":"https:\/\/www.mk-journal.de\/index.php\/wp-json\/wp\/v2\/categories?post=27855"},{"taxonomy":"post_tag","embeddable":true,"href":"https:\/\/www.mk-journal.de\/index.php\/wp-json\/wp\/v2\/tags?post=27855"}],"curies":[{"name":"wp","href":"https:\/\/api.w.org\/{rel}","templated":true}]}}