{"id":27861,"date":"2026-09-02T19:02:08","date_gmt":"2026-09-02T17:02:08","guid":{"rendered":"https:\/\/www.mk-journal.de\/?p=27861"},"modified":"2026-09-02T19:02:08","modified_gmt":"2026-09-02T17:02:08","slug":"ausbildungsjahrgang-komplett","status":"publish","type":"post","link":"https:\/\/www.mk-journal.de\/index.php\/2026\/09\/02\/ausbildungsjahrgang-komplett\/","title":{"rendered":"Ausbildungsjahrgang komplett"},"content":{"rendered":"<h4>30 Nachwuchskr\u00e4fte starten beim Ennepe-Ruhr-Kreis<\/h4>\n<p>(pen) Nach den elf Auszubildenden, die bereits im August ihre Ausbildung im mittleren Verwaltungsdienst und in den technischen Berufen begonnen hatten, sind nun auch die 19 Auszubildenden im gehobenen Verwaltungsdienst beim Ennepe-Ruhr-Kreis gestartet. Damit bietet die Kreisverwaltung in diesem Jahr 30 jungen Menschen die Chance, ins Berufsleben einzusteigen.<\/p>\n<p><strong>Duales Studium<\/strong><\/p>\n<p>Die Ausbildung im gehobenen Dienst wird als duales Studium absolviert. Innerhalb von drei Jahren wechseln sich praktische Stationen in der Kreisverwaltung regelm\u00e4\u00dfig mit Abschnitten an der Hochschule f\u00fcr \u00f6ffentliche Verwaltung in Hagen, Dortmund und M\u00fcnster ab.<\/p>\n<p><strong>Unterschiedliche Sachgebiete<\/strong><\/p>\n<p>In den Praxisabschnitten arbeiten die Auszubildenden in den unterschiedlichen Sachgebieten der Kreisverwaltung mit. Themen an der Hochschule sind rechtliche und politische sowie volks-, finanz- und betriebswirtschaftliche Grundlagen sowie sozialwissenschaftliche F\u00e4cher. Im Verlauf des Studiums sind verschiedene m\u00fcndliche wie auch schriftliche Pr\u00fcfungsleistungen abzulegen. Der Abschluss des fachwissenschaftlichen Studienabschnitts erfolgt mit einer Bachelor-Thesis.<\/p>\n<p><strong>Spannende Zeit beginnt<\/strong><\/p>\n<p>\u201eMit dem Start Ihres dualen Studiums beginnt f\u00fcr Sie eine spannende und abwechslungsreiche Zeit. Sie lernen nicht nur die unterschiedlichen Bereiche unserer Kreisverwaltung kennen mit ihren vielf\u00e4ltigen Aufgaben, sondern \u00fcbernehmen Schritt f\u00fcr Schritt Verantwortung f\u00fcr die Menschen in unserem Kreis. Nutzen Sie die kommenden drei Jahre, um Wissen zu sammeln, Fragen zu stellen, eigene Ideen einzubringen und herauszufinden, wo Sie Ihre St\u00e4rken am besten einsetzen k\u00f6nnen. Ich w\u00fcnsche Ihnen viel Erfolg, Freude an Ihrer Ausbildung und einen guten Start bei uns im Kreishaus\u201c, begr\u00fc\u00dfte Landrat Jan-Christoph Schaberick zusammen mit Kreisdirektor Sebastian Arlt die neuen Mitarbeiterinnen und Mitarbeiter.<\/p>\n<p><strong>Stichwort Ausbildung<\/strong><\/p>\n<p>Momentan besch\u00e4ftigt der Ennepe-Ruhr-Kreis an die hundert Nachwuchskr\u00e4fte. Die Suche nach Bewerberinnen und Bewerbern f\u00fcr den Ausbildungsjahrgang 2027 l\u00e4uft bereits.<\/p>\n<p>Folgende Ausbildungen werden dabei geboten: Verwaltungswirt\/in, Verwaltungsfachangestellte\/r, Vermessungstechniker\/in, gehobener vermessungstechnischer Dienst, feuerwehrtechnischer Dienst (B1-Lehrgang) und Fachinformatiker\/in f\u00fcr Systemintegration. Au\u00dferdem stehen die dualen Studieng\u00e4nge Bachelor of Laws \u2013 Allgemeine Verwaltung, Bachelor of Arts \u2013 Verwaltungsbetriebswirtschaftslehre, Bachelor of Arts \u2013 Verwaltungsinformatik zur Wahl.<\/p>\n<p>Informationen zu den ausgeschriebenen Ausbildungsberufen gibt es auf der Internetseite des Kreises (Stichwort \u201eKarriere\u201c auf www.en-kreis.de). Informationen finden sich zudem auf www.interamt.de und\u00a0<a href=\"http:\/\/www.ausbildung.de\/\">www.ausbildung.de<\/a>.<\/p>\n<p>&nbsp;<\/p>\n","protected":false},"excerpt":{"rendered":"<p>30 Nachwuchskr\u00e4fte starten beim Ennepe-Ruhr-Kreis (pen) Nach den elf Auszubildenden,  [&#8230;]<\/p>\n","protected":false},"author":3,"featured_media":27862,"comment_status":"closed","ping_status":"closed","sticky":false,"template":"","format":"standard","meta":{"footnotes":""},"categories":[12],"tags":[],"class_list":["post-27861","post","type-post","status-publish","format-standard","has-post-thumbnail","hentry","category-nachbarschaft"],"_links":{"self":[{"href":"https:\/\/www.mk-journal.de\/index.php\/wp-json\/wp\/v2\/posts\/27861","targetHints":{"allow":["GET"]}}],"collection":[{"href":"https:\/\/www.mk-journal.de\/index.php\/wp-json\/wp\/v2\/posts"}],"about":[{"href":"https:\/\/www.mk-journal.de\/index.php\/wp-json\/wp\/v2\/types\/post"}],"author":[{"embeddable":true,"href":"https:\/\/www.mk-journal.de\/index.php\/wp-json\/wp\/v2\/users\/3"}],"replies":[{"embeddable":true,"href":"https:\/\/www.mk-journal.de\/index.php\/wp-json\/wp\/v2\/comments?post=27861"}],"version-history":[{"count":1,"href":"https:\/\/www.mk-journal.de\/index.php\/wp-json\/wp\/v2\/posts\/27861\/revisions"}],"predecessor-version":[{"id":27863,"href":"https:\/\/www.mk-journal.de\/index.php\/wp-json\/wp\/v2\/posts\/27861\/revisions\/27863"}],"wp:featuredmedia":[{"embeddable":true,"href":"https:\/\/www.mk-journal.de\/index.php\/wp-json\/wp\/v2\/media\/27862"}],"wp:attachment":[{"href":"https:\/\/www.mk-journal.de\/index.php\/wp-json\/wp\/v2\/media?parent=27861"}],"wp:term":[{"taxonomy":"category","embeddable":true,"href":"https:\/\/www.mk-journal.de\/index.php\/wp-json\/wp\/v2\/categories?post=27861"},{"taxonomy":"post_tag","embeddable":true,"href":"https:\/\/www.mk-journal.de\/index.php\/wp-json\/wp\/v2\/tags?post=27861"}],"curies":[{"name":"wp","href":"https:\/\/api.w.org\/{rel}","templated":true}]}}