{"id":27864,"date":"2026-09-02T19:21:28","date_gmt":"2026-09-02T17:21:28","guid":{"rendered":"https:\/\/www.mk-journal.de\/?p=27864"},"modified":"2026-09-02T19:21:28","modified_gmt":"2026-09-02T17:21:28","slug":"65-anfragen-und-antraege-in-elf-wochen","status":"publish","type":"post","link":"https:\/\/www.mk-journal.de\/index.php\/2026\/09\/02\/65-anfragen-und-antraege-in-elf-wochen\/","title":{"rendered":"65 Anfragen und Antr\u00e4ge in elf Wochen"},"content":{"rendered":"<h4><strong>Wie die Iserlohner Politik die Verwaltung besch\u00e4ftigt<\/strong><\/h4>\n<p><strong>Von Hendrik Klein<\/strong><\/p>\n<p>Bei der Stadt Iserlohn ist Sparen angesagt. Im Haushalt klafft aktuell ein Loch von gut 51 Millionen Euro. Alle Ausgaben m\u00fcssen auf den Pr\u00fcfstand. Bis zum Jahr 2030 sollen 77 Jobs im Rathaus wegfallen. Damit \u00fcbererf\u00fcllt die Verwaltung die Vorgabe der Kommunalpolitikerinnen und Kommunalpolitiker, die ihrerseits eine Vorgabe von 60 zu streichenden Stellen gemacht hatten.<\/p>\n<p><strong>Personalabbau hat Konsequenzen<\/strong><\/p>\n<p>Die Verwaltung lie\u00df in der Sitzungsvorlage f\u00fcr die Ratssitzung allerdings keine Zweifel daran aufkommen, dass Stellenreduzierungen ohne ausreichende Kompensation Folgen haben. Insbesondere in publikumsintensiven Bereichen k\u00f6nne dies bedeuten: l\u00e4ngere Wartezeiten, weniger kurzfristige Termine, eingeschr\u00e4nkte pers\u00f6nliche Beratung st\u00e4rkere Verlagerung auf digitale Antragswege, geringere telefonische Erreichbarkeit, l\u00e4ngere Reaktionszeiten bei Beschwerden und Anliegen sowie st\u00e4rkere Priorisierung dringender oder gesetzlich gebundener F\u00e4lle.<\/p>\n<p><strong>Waldstadt weit vorne<\/strong><\/p>\n<p>Doch gilt das alles auch f\u00fcr die Politik im Rathaus und in den angeschlossenen st\u00e4dtischen Gesellschaften? Diese Redaktion wollte es genau wissen. Wieviel Aufwand und Arbeitszeit l\u00f6sen im Rat der Waldstadt vertretenen Fraktionen mit ihren Antr\u00e4gen und Anfragen bei den Rathausbesch\u00e4ftigten aus? Ein Vergleich f\u00fcr den Zeitraum 01. Juni bis Ende August 2026 mit dem M\u00e4rkischen Kreis sowie den vier gr\u00f6\u00dften kreisangeh\u00f6rigen St\u00e4dten und Gemeinden Iserlohn, L\u00fcdenscheid, Hemer und Menden zeigt schnell: Die Iserlohner Politikerinnen und Politiker besch\u00e4ftigen die Verwaltungsmitarbeitenden mit Abstand am meisten im Vergleich zum Kreis und den anderen drei Kommunen. Sie binden damit auch die meiste Arbeitszeit.<\/p>\n<p><strong>Stadt Iserlohn<\/strong><\/p>\n<p>35 Anfragen stellten die Fraktionen an B\u00fcrgermeister und Verwaltung &#8211; manche mit mehr als einem Dutzend einzelner zur beantwortenden Fragen &#8211; und stellten 30 Antr\u00e4ge. Am meisten besch\u00e4ftigte die SPD mit 19 Anfragen und Antr\u00e4gen die Besch\u00e4ftigten in der Verwaltung. Platz zwei geht an B\u00fcndnis90\/Die Gr\u00fcnen mit 17. Der Bronze-Platz geb\u00fchrt den Linken mit 13. Bei der CDU waren es 4 Anfragen und 2 Antr\u00e4ge, bei der AfD 6 und 1, Die Linke 3 und 9, bei den Gr\u00fcnen 6 und 1, bei DieISERLOHNER sind es 1 und 3. Zus\u00e4tzlich gab es jeweils einen gemeinsamen Antrag von CDU, SPD und Linken sowie einen von CDU und SPD. Die beiden Vertreter der FDP-Gruppe tauchen in der Statistik nicht auf.<\/p>\n<p><strong>Stadt Hemer<\/strong><\/p>\n<p>Antr\u00e4ge Anfang Juni \u2013 Mitte August:\u00a0 Die Linke 1, FDP 2, UWG 2, CDU 1. Anfragen: SPD 3, AfD 1, FDP 4. Demnach 14 Anfragen und Antr\u00e4ge.<\/p>\n<p><strong>Stadt Menden<\/strong><\/p>\n<p><strong>\u00a0<\/strong>Seit dem 01. Juni in Menden insgesamt 10 Ratsantr\u00e4ge eingegangen &#8211; CDU 2, SPD 1, B\u00fcndnis 90\/ Die Gr\u00fcnen 1, AfD 2, MendenInnovativ 2, Die Linke 1, FDP\/FW 1. Anfragen erhielt die Verwaltung der H\u00f6nnestadt im genannten Zeitraum jeweils eine von der AfD-Fraktion und eine vom B\u00fcndnis 90\/ Die Gr\u00fcnen.<\/p>\n<p><strong>Stadt L\u00fcdenscheid<\/strong><\/p>\n<p>Bis zu den Sommerferien stellten in L\u00fcdenscheid die Fraktionen folgende Antr\u00e4ge: CDU 5, SPD\u00a0 1, AfD 3, B\u00fcndnis 90\/Die Gr\u00fcnen 1: Die Linke 10 und die FDP 1. Zus\u00e4tzlich gab es 18 gemeinsame Antr\u00e4ge. Anfragen kamen von der CDU 3, der SPD 1, der AfD 2, Die Linke 4.<\/p>\n<p><strong>M\u00e4rkischer Kreis<\/strong><\/p>\n<p><strong>\u00a0<\/strong>\u201eIm angefragten Zeitraum wurden von der Kreispolitik Antr\u00e4ge der Kreistagsfraktionen wie folgt gestellt: FDP-Kreistagsfraktion zur afrikanischen Schweinepest, UWG im Zusammenhang mit dem Kulturbereich. Es gab noch einen gemeinsamen Antrag von CDU und FDP, einen von B\u00fcndnis 90\/Die Gr\u00fcnen sowie der FDP-Fraktion. Formelle Anfragen an den Landrat wurden im angefragten Zeitraum seitens der Kreistagsfraktionen nicht gestellt\u201c, soweit die Pressestelle des M\u00e4rkischen Kreises.<\/p>\n<p>&nbsp;<\/p>\n","protected":false},"excerpt":{"rendered":"<p>Wie die Iserlohner Politik die Verwaltung besch\u00e4ftigt Von Hendrik Klein  [&#8230;]<\/p>\n","protected":false},"author":3,"featured_media":27865,"comment_status":"closed","ping_status":"closed","sticky":false,"template":"","format":"standard","meta":{"footnotes":""},"categories":[10],"tags":[],"class_list":["post-27864","post","type-post","status-publish","format-standard","has-post-thumbnail","hentry","category-staedte-und-gemeinden"],"_links":{"self":[{"href":"https:\/\/www.mk-journal.de\/index.php\/wp-json\/wp\/v2\/posts\/27864","targetHints":{"allow":["GET"]}}],"collection":[{"href":"https:\/\/www.mk-journal.de\/index.php\/wp-json\/wp\/v2\/posts"}],"about":[{"href":"https:\/\/www.mk-journal.de\/index.php\/wp-json\/wp\/v2\/types\/post"}],"author":[{"embeddable":true,"href":"https:\/\/www.mk-journal.de\/index.php\/wp-json\/wp\/v2\/users\/3"}],"replies":[{"embeddable":true,"href":"https:\/\/www.mk-journal.de\/index.php\/wp-json\/wp\/v2\/comments?post=27864"}],"version-history":[{"count":1,"href":"https:\/\/www.mk-journal.de\/index.php\/wp-json\/wp\/v2\/posts\/27864\/revisions"}],"predecessor-version":[{"id":27866,"href":"https:\/\/www.mk-journal.de\/index.php\/wp-json\/wp\/v2\/posts\/27864\/revisions\/27866"}],"wp:featuredmedia":[{"embeddable":true,"href":"https:\/\/www.mk-journal.de\/index.php\/wp-json\/wp\/v2\/media\/27865"}],"wp:attachment":[{"href":"https:\/\/www.mk-journal.de\/index.php\/wp-json\/wp\/v2\/media?parent=27864"}],"wp:term":[{"taxonomy":"category","embeddable":true,"href":"https:\/\/www.mk-journal.de\/index.php\/wp-json\/wp\/v2\/categories?post=27864"},{"taxonomy":"post_tag","embeddable":true,"href":"https:\/\/www.mk-journal.de\/index.php\/wp-json\/wp\/v2\/tags?post=27864"}],"curies":[{"name":"wp","href":"https:\/\/api.w.org\/{rel}","templated":true}]}}