{"id":27867,"date":"2026-09-03T13:58:06","date_gmt":"2026-09-03T11:58:06","guid":{"rendered":"https:\/\/www.mk-journal.de\/?p=27867"},"modified":"2026-09-03T13:58:06","modified_gmt":"2026-09-03T11:58:06","slug":"motorradfahrer-schwer-verunglueckt","status":"publish","type":"post","link":"https:\/\/www.mk-journal.de\/index.php\/2026\/09\/03\/motorradfahrer-schwer-verunglueckt\/","title":{"rendered":"Motorradfahrer schwer verungl\u00fcckt"},"content":{"rendered":"<p>(ots).\u00a0 Auf der Kalthofer Stra\u00dfe in Iserlohn kam es am Mittwoch gegen 17:30 Uhr zu einem schweren Verkehrsunfall. Ein Motorradfahrer ist mit seinem Krad auf einen PKW aufgefahren, rutsche im Gegenverkehr in einen weiteren PKW und kollidierte dort mit einem anderen Zweirad. Einer der Kradfahrer wurde schwerverletzt in ein Iserlohner Krankenhaus gebracht.<\/p>\n<p>Drei weitere Personen wurden durch den Rettungsdienst untersucht und konnten nach ambulanter Versorgung vor Ort bleiben. Die Feuerwehr Iserlohn unterst\u00fctzte den Rettungsdienst bei dessen Ma\u00dfnahmen und streute anschlie\u00dfend Betriebsmittel auf der Fahrbahn ab. Unterst\u00fctzung erhielten wir von einem Rettungswagen und einem Notarzt aus Hemer.<\/p>\n<p>&nbsp;<\/p>\n<p>&nbsp;<\/p>\n","protected":false},"excerpt":{"rendered":"<p>(ots).\u00a0 Auf der Kalthofer Stra\u00dfe in Iserlohn kam es am  [&#8230;]<\/p>\n","protected":false},"author":3,"featured_media":27868,"comment_status":"closed","ping_status":"closed","sticky":false,"template":"","format":"standard","meta":{"footnotes":""},"categories":[3],"tags":[],"class_list":["post-27867","post","type-post","status-publish","format-standard","has-post-thumbnail","hentry","category-polizeimeldungen"],"_links":{"self":[{"href":"https:\/\/www.mk-journal.de\/index.php\/wp-json\/wp\/v2\/posts\/27867","targetHints":{"allow":["GET"]}}],"collection":[{"href":"https:\/\/www.mk-journal.de\/index.php\/wp-json\/wp\/v2\/posts"}],"about":[{"href":"https:\/\/www.mk-journal.de\/index.php\/wp-json\/wp\/v2\/types\/post"}],"author":[{"embeddable":true,"href":"https:\/\/www.mk-journal.de\/index.php\/wp-json\/wp\/v2\/users\/3"}],"replies":[{"embeddable":true,"href":"https:\/\/www.mk-journal.de\/index.php\/wp-json\/wp\/v2\/comments?post=27867"}],"version-history":[{"count":2,"href":"https:\/\/www.mk-journal.de\/index.php\/wp-json\/wp\/v2\/posts\/27867\/revisions"}],"predecessor-version":[{"id":27870,"href":"https:\/\/www.mk-journal.de\/index.php\/wp-json\/wp\/v2\/posts\/27867\/revisions\/27870"}],"wp:featuredmedia":[{"embeddable":true,"href":"https:\/\/www.mk-journal.de\/index.php\/wp-json\/wp\/v2\/media\/27868"}],"wp:attachment":[{"href":"https:\/\/www.mk-journal.de\/index.php\/wp-json\/wp\/v2\/media?parent=27867"}],"wp:term":[{"taxonomy":"category","embeddable":true,"href":"https:\/\/www.mk-journal.de\/index.php\/wp-json\/wp\/v2\/categories?post=27867"},{"taxonomy":"post_tag","embeddable":true,"href":"https:\/\/www.mk-journal.de\/index.php\/wp-json\/wp\/v2\/tags?post=27867"}],"curies":[{"name":"wp","href":"https:\/\/api.w.org\/{rel}","templated":true}]}}