{"id":27871,"date":"2026-09-04T09:27:58","date_gmt":"2026-09-04T07:27:58","guid":{"rendered":"https:\/\/www.mk-journal.de\/?p=27871"},"modified":"2026-09-04T09:28:53","modified_gmt":"2026-09-04T07:28:53","slug":"nachwuchskraefte-starten-ihr-duales-studium","status":"publish","type":"post","link":"https:\/\/www.mk-journal.de\/index.php\/2026\/09\/04\/nachwuchskraefte-starten-ihr-duales-studium\/","title":{"rendered":"Nachwuchskr\u00e4fte starten ihr Duales Studium"},"content":{"rendered":"<p class=\"ps_teaser\">(pmk). Elf Studentinnen und Studenten haben ihr Duales Studium beim M\u00e4rkischen Kreis begonnen. An ihrem ersten Tag wurden die Nachwuchskr\u00e4fte im L\u00fcdenscheider Kreishaus offiziell von Landrat Ralf Schwarzkopf begr\u00fc\u00dft und ernannt. Sie beginnen ihren beruflichen Weg als Kreisinspektoranw\u00e4rterin und Kreisinspektoranw\u00e4rter, Kreisvermessungsoberinspektoranw\u00e4rter, Kreisinformationsoberinspektoranw\u00e4rter und Sozialarbeiterin.<\/p>\n<p class=\"ps_meldungstext\"><strong>Vielseitiger Arbeitgeber<\/strong><\/p>\n<p>\u00a0Landrat Ralf Schwarzkopf: \u201eHerzlich willkommen beim M\u00e4rkischen Kreis. Ich w\u00fcnsche Ihnen einen guten Start in Ihre Ausbildung. Viel Freude, Erfolg und spannende Erfahrungen f\u00fcr Ihren neuen beruflichen Weg.\u201c Dabei betonte er die vielf\u00e4ltigen M\u00f6glichkeiten, die der M\u00e4rkische Kreis f\u00fcr die berufliche Entwicklung zu bieten hat. Mit rund 1.700 Besch\u00e4ftigten und zahlreichen unterschiedlichen Berufsfeldern sei die Kreisverwaltung ein vielseitiger Arbeitgeber, der jungen Menschen zahlreiche Perspektiven f\u00fcr ihre Zukunft er\u00f6ffnet.<\/p>\n<p><strong>Freude auf Zusammenarbeit<\/strong><\/p>\n<p>Auch das Ausbildungsteam um\u00a0Maxi Menzebach, Katrin K\u00f6rzel, Sandra Wetschewald\u00a0und Julia Figge freut sich auf die gemeinsame Zeit.\u00a0Maik Sch\u00f6nberger vom Personalrat sowie Felix Held, Vertreter der Jugend- und Auszubildendenvertretung, begr\u00fc\u00dften die neuen Nachwuchskr\u00e4fte ebenfalls. Die jeweiligen Ausbildungsleiter, darunter Andreas L\u00fcsebrink, Fachdienstleiter IT, Nils Hennemann, stellvertretender Fachdienstleiter Kataster, und Leonie Dohle, stellvertretend f\u00fcr die Sachgebietsleitung Kommunales Integrationsmanagement,\u00a0hie\u00dfen die neuen Studentinnen und Studenten ebenfalls herzlich willkommen und freuen sich auf die Zusammenarbeit.<\/p>\n<p><strong>Nachwuchskr\u00e4fte verst\u00e4rken den Kreis:<\/strong><\/p>\n<p>Als Kreisinspektoranw\u00e4rterinnen und Kreisinspektoranw\u00e4rter starten Lea-Marie Geisbauer aus L\u00fcdenscheid, Kilian Esteban Hermes aus Reichshof, Rosa Sch\u00f6nfeld aus Halver, Emily Stange aus Kierspe, Julia Amelie Vohs aus Witten und Samia Noemi Wolf aus Reichshof. Drei Studentinnen studieren Soziale Arbeit: Aleksandra Schuckardt aus Altena mit dem Schwerpunkt \u201aMigration und Integration\u2018 sowie Naemi Rittinghaus aus L\u00fcdenscheid und Nisa Yilmaz aus Herscheid mit dem Schwerpunkt \u201aRegionaler Sozialer Dienst\u2018. Das Duale Studium als Kreisvermessungsoberinspektoranw\u00e4rter beginnt Lennart Ries aus Boppard. Michael Klingmann aus Gummersbach beginnt sein Duales Studium als Kreisinformationsoberinspektoranw\u00e4rter.<\/p>\n<p>Justin Vo\u00dfkuhle aus Olpe beginnt ab dem 1. September seine einj\u00e4hrige Laufbahnausbildung zum Kreisvermessungsoberinspektor. Er ist bereits seit 2025 beim M\u00e4rkischen Kreis angestellt und hat ein Bachelorstudium im Vermessungswesen absolviert.<\/p>\n<p><strong>Mit einer Rallye Verwaltung kennenlernen<\/strong><\/p>\n<p>Zum Start in ihre Ausbildungszeit erwartet die neuen Nachwuchskr\u00e4fte eine\u00a0Studenten-Rallye. Dabei lernen sie den M\u00e4rkischen Kreis, verschiedene Aufgabenbereiche und ihre neuen Kolleginnen und Kollegen auf eine spannende Art und Weise kennen. An verschiedenen Stationen geht es darum, gemeinsam Aufgaben zu l\u00f6sen, Wissen \u00fcber die Kreisverwaltung zu sammeln und als Team zusammenzuarbeiten. Die Rallye soll vor allem den Austausch untereinander f\u00f6rdern und den neuen Studentinnen und Studenten einen ersten Einblick in die vielf\u00e4ltigen Aufgaben der Kreisverwaltung geben. F\u00fcr einen guten Zusammenhalt untereinander sorgt auch die Azubi-Fahrt nach Norderney. Dort k\u00f6nnen sich alle Auszubildenden noch einmal pers\u00f6nlich kennenlernen und Erfahrungen mit den anderen Jahrg\u00e4ngen teilen.<\/p>\n<p><strong>Ausbildung beim M\u00e4rkischen Kreis<\/strong><\/p>\n<p>Der M\u00e4rkische Kreis bietet jungen Menschen vielf\u00e4ltige M\u00f6glichkeiten f\u00fcr den Einstieg ins Berufsleben. Neben Dualen Studieng\u00e4ngen geh\u00f6ren auch verschiedene Ausbildungsberufe zum Angebot der Kreisverwaltung. Bis zum 20. September k\u00f6nnen sich Interessierte noch f\u00fcr eine Ausbildung zum Notfallsanit\u00e4ter-Azubi bewerben:\u00a0<a href=\"https:\/\/t1p.de\/Azubi-notfallsanitaeter-2026\">https:\/\/t1p.de\/Azubi-notfallsanitaeter-2026<\/a>. Wer sich f\u00fcr eine Ausbildung oder ein Duales Studium f\u00fcr das Jahr 2027 interessiert, kann sich ab Herbst \/ Winter bewerben. Alle Infos gibt es unter\u00a0<a href=\"http:\/\/www.maerkischer-kreis.de\/karriere\">www.maerkischer-kreis.de\/karriere<\/a>.<\/p>\n","protected":false},"excerpt":{"rendered":"<p>(pmk). Elf Studentinnen und Studenten haben ihr Duales Studium beim  [&#8230;]<\/p>\n","protected":false},"author":3,"featured_media":27872,"comment_status":"closed","ping_status":"closed","sticky":false,"template":"","format":"standard","meta":{"footnotes":""},"categories":[11],"tags":[],"class_list":["post-27871","post","type-post","status-publish","format-standard","has-post-thumbnail","hentry","category-maerkischer-kreis"],"_links":{"self":[{"href":"https:\/\/www.mk-journal.de\/index.php\/wp-json\/wp\/v2\/posts\/27871","targetHints":{"allow":["GET"]}}],"collection":[{"href":"https:\/\/www.mk-journal.de\/index.php\/wp-json\/wp\/v2\/posts"}],"about":[{"href":"https:\/\/www.mk-journal.de\/index.php\/wp-json\/wp\/v2\/types\/post"}],"author":[{"embeddable":true,"href":"https:\/\/www.mk-journal.de\/index.php\/wp-json\/wp\/v2\/users\/3"}],"replies":[{"embeddable":true,"href":"https:\/\/www.mk-journal.de\/index.php\/wp-json\/wp\/v2\/comments?post=27871"}],"version-history":[{"count":3,"href":"https:\/\/www.mk-journal.de\/index.php\/wp-json\/wp\/v2\/posts\/27871\/revisions"}],"predecessor-version":[{"id":27875,"href":"https:\/\/www.mk-journal.de\/index.php\/wp-json\/wp\/v2\/posts\/27871\/revisions\/27875"}],"wp:featuredmedia":[{"embeddable":true,"href":"https:\/\/www.mk-journal.de\/index.php\/wp-json\/wp\/v2\/media\/27872"}],"wp:attachment":[{"href":"https:\/\/www.mk-journal.de\/index.php\/wp-json\/wp\/v2\/media?parent=27871"}],"wp:term":[{"taxonomy":"category","embeddable":true,"href":"https:\/\/www.mk-journal.de\/index.php\/wp-json\/wp\/v2\/categories?post=27871"},{"taxonomy":"post_tag","embeddable":true,"href":"https:\/\/www.mk-journal.de\/index.php\/wp-json\/wp\/v2\/tags?post=27871"}],"curies":[{"name":"wp","href":"https:\/\/api.w.org\/{rel}","templated":true}]}}