{"id":27876,"date":"2026-09-04T09:48:08","date_gmt":"2026-09-04T07:48:08","guid":{"rendered":"https:\/\/www.mk-journal.de\/?p=27876"},"modified":"2026-09-04T09:48:08","modified_gmt":"2026-09-04T07:48:08","slug":"frank-beckers-leitet-klinik-fuer-thoraxchirurgie","status":"publish","type":"post","link":"https:\/\/www.mk-journal.de\/index.php\/2026\/09\/04\/frank-beckers-leitet-klinik-fuer-thoraxchirurgie\/","title":{"rendered":"Frank Beckers leitet Klinik f\u00fcr Thoraxchirurgie"},"content":{"rendered":"<p>(EB). Zum 1. September hat Frank Beckers, MBA, die Leitung der Klinik f\u00fcr Thoraxchirurgie am Klinikum L\u00fcdenscheid \u00fcbernommen. Mit dem erfahrenen Facharzt f\u00fcr Chirurgie und Thoraxchirurgie gewinnt das Klinikum einen ausgewiesenen Spezialisten, der \u00fcber langj\u00e4hrige klinische Erfahrung sowie umfassende Expertise insbesondere in der operativen Behandlung von Erkrankungen der Lunge und des Brustkorbs verf\u00fcgt.<\/p>\n<p><strong>Mediziner kommt aus K\u00f6ln<\/strong><\/p>\n<p>Beckers kommt vom Cellitinnen-Krankenhaus St. Vinzenz in K\u00f6ln an das Klinikum L\u00fcdenscheid. In K\u00f6ln leitete er seit 2015 als Chefarzt die Klinik f\u00fcr Thoraxchirurgie. Zuvor f\u00fchrte ihn sein beruflicher Weg nach dem Studium der Humanmedizin an der Universit\u00e4t zu K\u00f6ln unter anderem an das St. Katharinen-Hospital in Frechen, die Universit\u00e4tsklinik Bonn sowie an die Lungenklinik K\u00f6ln-Merheim. Dort absolvierte er seine Weiterbildung zum Facharzt f\u00fcr Thoraxchirurgie und war anschlie\u00dfend mehrere Jahre als Oberarzt t\u00e4tig.<\/p>\n<p><strong>Schonende Operationen<\/strong><\/p>\n<p>Ein besonderer Schwerpunkt seiner Arbeit liegt in der modernen, m\u00f6glichst schonenden operativen Behandlung von Erkrankungen des Brustkorbs. Dazu geh\u00f6ren insbesondere minimalinvasive thoraxchirurgische Verfahren sowie die operative Behandlung von Tumorerkrankungen der Lunge. Neben seiner klinischen T\u00e4tigkeit engagierte sich Beckers \u00fcber viele Jahre auch fachwissenschaftlich, unter anderem im Bereich der minimalinvasiven Thoraxchirurgie.<\/p>\n<p><strong>Freude auf neue Aufgabe<\/strong><\/p>\n<p>\u201eIch freue mich sehr auf die neue Aufgabe am Klinikum L\u00fcdenscheid. Hier bestehen hervorragende Voraussetzungen, die Thoraxchirurgie gemeinsam mit den Kolleginnen und Kollegen der Pneumologie, Onkologie, Radiologie und weiteren beteiligten Fachbereichen konsequent weiterzuentwickeln\u201c, sagt Frank Beckers. \u201eGerade bei Erkrankungen der Lunge ist die enge Zusammenarbeit verschiedener Disziplinen entscheidend. Mein Ziel ist es, meine langj\u00e4hrige Erfahrung einzubringen und gemeinsam mit dem Team eine moderne, qualitativ hochwertige und zugleich sehr patientenorientierte Versorgung weiter auszubauen.\u201c<\/p>\n<p><strong>Weiterer wichtiger Schritt<\/strong><\/p>\n<p>\u201eMit Frank Beckers gewinnen wir einen sehr erfahrenen Thoraxchirurgen, der fachliche Expertise und langj\u00e4hrige F\u00fchrungserfahrung miteinander verbindet\u201c, betont Dr. Thorsten Kehe, Vorsitzender der Gesch\u00e4ftsf\u00fchrung der M\u00e4rkischen Kliniken. \u201eSeine Berufung ist f\u00fcr uns ein weiterer wichtiger Schritt beim Ausbau der Lungenmedizin am Klinikum L\u00fcdenscheid. Moderne Diagnostik und spezialisierte operative Therapie m\u00fcssen dabei eng zusammenspielen. Genau diese Strukturen wollen wir weiter st\u00e4rken und damit auch die Voraussetzungen f\u00fcr die weitere Entwicklung unseres geplanten Lungenkrebszentrums schaffen.\u201c<\/p>\n<p><strong>Ausgleich auf dem Rennrad<\/strong><\/p>\n<p>Neben seiner medizinischen Qualifikation verf\u00fcgt Beckers \u00fcber zus\u00e4tzliche Managementkompetenz. Berufsbegleitend absolvierte er ein MBA-Studium speziell f\u00fcr \u00c4rztinnen und \u00c4rzte. Damit verbindet er medizinische Expertise mit Kenntnissen in Management und Organisation \u2013 Erfahrungen, die er auch in seine langj\u00e4hrige T\u00e4tigkeit als Chefarzt einbringen konnte. Auch privat darf es f\u00fcr den geb\u00fcrtigen Br\u00fchler und dreifachen Familienvater aktiv und genussvoll zugehen: Einen Ausgleich zum Klinikalltag findet Frank Beckers im Rennradfahren und im leidenschaftlichen Kochen.<\/p>\n","protected":false},"excerpt":{"rendered":"<p>(EB). Zum 1. September hat Frank Beckers, MBA, die Leitung  [&#8230;]<\/p>\n","protected":false},"author":3,"featured_media":27877,"comment_status":"closed","ping_status":"closed","sticky":false,"template":"","format":"standard","meta":{"footnotes":""},"categories":[7],"tags":[],"class_list":["post-27876","post","type-post","status-publish","format-standard","has-post-thumbnail","hentry","category-dies-und-das"],"_links":{"self":[{"href":"https:\/\/www.mk-journal.de\/index.php\/wp-json\/wp\/v2\/posts\/27876","targetHints":{"allow":["GET"]}}],"collection":[{"href":"https:\/\/www.mk-journal.de\/index.php\/wp-json\/wp\/v2\/posts"}],"about":[{"href":"https:\/\/www.mk-journal.de\/index.php\/wp-json\/wp\/v2\/types\/post"}],"author":[{"embeddable":true,"href":"https:\/\/www.mk-journal.de\/index.php\/wp-json\/wp\/v2\/users\/3"}],"replies":[{"embeddable":true,"href":"https:\/\/www.mk-journal.de\/index.php\/wp-json\/wp\/v2\/comments?post=27876"}],"version-history":[{"count":1,"href":"https:\/\/www.mk-journal.de\/index.php\/wp-json\/wp\/v2\/posts\/27876\/revisions"}],"predecessor-version":[{"id":27878,"href":"https:\/\/www.mk-journal.de\/index.php\/wp-json\/wp\/v2\/posts\/27876\/revisions\/27878"}],"wp:featuredmedia":[{"embeddable":true,"href":"https:\/\/www.mk-journal.de\/index.php\/wp-json\/wp\/v2\/media\/27877"}],"wp:attachment":[{"href":"https:\/\/www.mk-journal.de\/index.php\/wp-json\/wp\/v2\/media?parent=27876"}],"wp:term":[{"taxonomy":"category","embeddable":true,"href":"https:\/\/www.mk-journal.de\/index.php\/wp-json\/wp\/v2\/categories?post=27876"},{"taxonomy":"post_tag","embeddable":true,"href":"https:\/\/www.mk-journal.de\/index.php\/wp-json\/wp\/v2\/tags?post=27876"}],"curies":[{"name":"wp","href":"https:\/\/api.w.org\/{rel}","templated":true}]}}