{"id":27879,"date":"2026-09-04T10:05:45","date_gmt":"2026-09-04T08:05:45","guid":{"rendered":"https:\/\/www.mk-journal.de\/?p=27879"},"modified":"2026-09-04T10:05:45","modified_gmt":"2026-09-04T08:05:45","slug":"laura-chaplins-laecheln-in-iserlohn","status":"publish","type":"post","link":"https:\/\/www.mk-journal.de\/index.php\/2026\/09\/04\/laura-chaplins-laecheln-in-iserlohn\/","title":{"rendered":"Laura Chaplins L\u00e4cheln in Iserlohn"},"content":{"rendered":"<h4>Enkelin von Charlie Chaplin stellt in Galerie Hermy M. aus.<\/h4>\n<p>(EB). Fr\u00f6hlichkeit und unbeschwerte Lebenslust sind das Motto von Laura Chaplin und das findet sich auch in ihren Kunstwerken wieder. \u201eLachen ist der erste Schritt zum Gl\u00fcck\u201c, sagt die geb\u00fcrtige Schweizerin. Jetzt pr\u00e4sentiert sie ihre Lithographien und Gem\u00e4lde in der Galerie Hermy M. in Iserlohn. Die 39-J\u00e4hrige ist als K\u00fcnstlerin international bekannt und hat unter anderem schon in den USA, Hongkong und Brasilien ausgestellt.<\/p>\n<p><strong>Natur, Tiere und Gro\u00dfvater Charlie<\/strong><\/p>\n<p>\u201eWir freuen uns sehr, dass wir Laura f\u00fcr diese Ausstellung gewinnen konnten\u201c, sagt Hermann Eskorbier-Modersitzki, der die Galerie gemeinsam mit seiner Ehefrau B\u00e4rbel betreibt. Zu sehen Kunstwerke von Laura Chaplin, die sich haupts\u00e4chlich mit der Natur, Tieren und nat\u00fcrlich ihrem Gro\u00dfvater Charlie Chaplin und seiner Lebenseinstellung befassen. Nicht von ungef\u00e4hr waren Humanismus, die Liebe zum Menschen, Respekt und Lachen der Antrieb f\u00fcr das kreative Schaffen von Charlie Chaplin.<\/p>\n<p><strong>Internationale Initiativen<\/strong><\/p>\n<p>Diese Werte und Emotionen finden sich auch in den Bildern von Laura Chaplin wieder, die mit einer au\u00dfergew\u00f6hnlichen Leichtigkeit in Motiven, Farben und Linienf\u00fchrung das Erbe ihres Gro\u00dfvaters fortf\u00fchrt und weitergibt. Mit ihrer eigenen Stiftung \u201eCharlie\u00b4s smile\u201c setzt sie sich zudem f\u00fcr Kinder ein und unterst\u00fctzt die internationalen Initiativen f\u00fcr nachhaltig produzierte Baumwolle \u201eCotton made in Africa\u201c und \u201eMoi pur Tois\u201c, die sich f\u00fcr Stra\u00dfenkinder in Kolumbien einsetzt, als Botschafterin.<\/p>\n<p><strong>Er\u00f6ffnung 12. und 13. September<\/strong><\/p>\n<p>Zur Er\u00f6ffnung der Ausstellung am 12. und 13. September, von 11-18\u00a0 Uhr in der Galerie Hermy M. wird Laura Chaplin anwesend sein und steht f\u00fcr Interviews und Fotos zur Verf\u00fcgung. Die Vertreter der Presse sind herzlich dazu eingeladen. Die Vernissage ist am Samstag, 12. September 2026 und Sonntag, 13. September in der Zeit von 11 Uhr bis 18 Uhr. Die Ausstellung \u201eLaura Chaplin\u201c l\u00e4uft insgesamt bis zum 23. Oktober. Die Galerie Hermy M. ist dienstags, donnerstags und samstags in der Zeit von 11 Uhr bis 18 Uhr sowie nach telefonischer Vereinbarung ge\u00f6ffnet.<\/p>\n","protected":false},"excerpt":{"rendered":"<p>Enkelin von Charlie Chaplin stellt in Galerie Hermy M. aus.  [&#8230;]<\/p>\n","protected":false},"author":3,"featured_media":27880,"comment_status":"closed","ping_status":"closed","sticky":false,"template":"","format":"standard","meta":{"footnotes":""},"categories":[6],"tags":[],"class_list":["post-27879","post","type-post","status-publish","format-standard","has-post-thumbnail","hentry","category-kultur"],"_links":{"self":[{"href":"https:\/\/www.mk-journal.de\/index.php\/wp-json\/wp\/v2\/posts\/27879","targetHints":{"allow":["GET"]}}],"collection":[{"href":"https:\/\/www.mk-journal.de\/index.php\/wp-json\/wp\/v2\/posts"}],"about":[{"href":"https:\/\/www.mk-journal.de\/index.php\/wp-json\/wp\/v2\/types\/post"}],"author":[{"embeddable":true,"href":"https:\/\/www.mk-journal.de\/index.php\/wp-json\/wp\/v2\/users\/3"}],"replies":[{"embeddable":true,"href":"https:\/\/www.mk-journal.de\/index.php\/wp-json\/wp\/v2\/comments?post=27879"}],"version-history":[{"count":1,"href":"https:\/\/www.mk-journal.de\/index.php\/wp-json\/wp\/v2\/posts\/27879\/revisions"}],"predecessor-version":[{"id":27881,"href":"https:\/\/www.mk-journal.de\/index.php\/wp-json\/wp\/v2\/posts\/27879\/revisions\/27881"}],"wp:featuredmedia":[{"embeddable":true,"href":"https:\/\/www.mk-journal.de\/index.php\/wp-json\/wp\/v2\/media\/27880"}],"wp:attachment":[{"href":"https:\/\/www.mk-journal.de\/index.php\/wp-json\/wp\/v2\/media?parent=27879"}],"wp:term":[{"taxonomy":"category","embeddable":true,"href":"https:\/\/www.mk-journal.de\/index.php\/wp-json\/wp\/v2\/categories?post=27879"},{"taxonomy":"post_tag","embeddable":true,"href":"https:\/\/www.mk-journal.de\/index.php\/wp-json\/wp\/v2\/tags?post=27879"}],"curies":[{"name":"wp","href":"https:\/\/api.w.org\/{rel}","templated":true}]}}