{"id":27882,"date":"2026-09-04T10:19:43","date_gmt":"2026-09-04T08:19:43","guid":{"rendered":"https:\/\/www.mk-journal.de\/?p=27882"},"modified":"2026-09-04T10:19:43","modified_gmt":"2026-09-04T08:19:43","slug":"hier-gehts-weiter-elterndays-2","status":"publish","type":"post","link":"https:\/\/www.mk-journal.de\/index.php\/2026\/09\/04\/hier-gehts-weiter-elterndays-2\/","title":{"rendered":"\u201eHier geht\u2019s #weiter \/ Elterndays\u201c"},"content":{"rendered":"<h4>Auftaktveranstaltung f\u00fcr die teilnehmenden Unternehmen<\/h4>\n<p class=\"ps_teaser\">(pmk). Generation Z und Alpha verstehen und auf die berufliche Zukunft vorbereiten: Mit einer Auftaktveranstaltung startet \u201eHier geht\u2019s #weiter \/ Elterndays \u201c vom 2. bis zum 16. Oktober in die n\u00e4chste Runde. Ein Impulsvortrag von NetzwerkQ zeigt, wie Unternehmen junge Menschen f\u00fcr Ausbildung und duales Studium begeistern k\u00f6nnen.<\/p>\n<p class=\"ps_meldungstext\"><strong>Die Jugendlichen nachhaltig erreichen<\/strong><\/p>\n<p>Was erwarten junge Menschen heute von einem Ausbildungsbetrieb? Und wie k\u00f6nnen Unternehmen ihre Berufsorientierungsangebote so gestalten, dass sie Sch\u00fclerinnen und Sch\u00fcler wirklich erreichen und nachhaltig im Ged\u00e4chtnis bleiben? Mit diesen Fragen besch\u00e4ftigte sich die Auftaktveranstaltung von \u201eHier geht\u2019s #weiter \/ Elterndays \u201c bei ABB AG Busch-Jaeger in L\u00fcdenscheid. Organisiert hatte die Veranstaltung Dagmar Schulz von der Kommunalen Koordinierungsstelle KAoA \u201eKein Abschluss ohne Anschluss \u2013 \u00dcbergang Schule-Beruf in NRW\u201c des M\u00e4rkischen Kreises. Rund 15 Teilnehmerinnen und Teilnehmer aus Unternehmen im M\u00e4rkischen Kreis kamen zusammen, um sich auf die bevorstehenden Veranstaltungen im Rahmen von Hier geht\u2019s #weiter \/ ElternDays vorzubereiten und praxisnahe Impulse f\u00fcr eine moderne und generationengerechte Berufsorientierung zu erhalten.<\/p>\n<p><strong>Anforderungen gerecht werden<\/strong><\/p>\n<p>Zu Beginn begr\u00fc\u00dfte Dieter Lautz, Business Manager von ABB AG Busch-Jaeger, die Teilnehmenden. Dabei unterstrich er die Bedeutung der Unternehmen bei der beruflichen Orientierung junger Menschen. Unternehmen m\u00fcssten heute nicht nur fachliche Kompetenzen vermitteln, sondern auch gesellschaftlichen Anforderungen gerecht werden. Zudem sollen sie jungen Menschen<span class=\"Apple-converted-space\">\u00a0<\/span>Orientierung geben und sie auf das Berufsleben und das Leben dar\u00fcber hinaus vorbereiten.<span class=\"Apple-converted-space\">\u00a0<\/span><\/p>\n<p><strong>Impulse f\u00fcr eine moderne Berufsorientierung<\/strong><\/p>\n<p>Im Mittelpunkt der Veranstaltung stand der Vortrag \u201eGeneration Z und Alpha f\u00fcr die Ausbildung begeistern \u2013 junge Menschen gezielt ansprechen\u201c. Isabel Rother und Ricarda He\u00dfelmann, Referentinnen des Netzwerks Q in NRW beim Bildungswerk der Nordrhein-Westf\u00e4lischen Wirtschaft, gaben Einblicke in die Erwartungen und Motivationsfaktoren der neuen Generation. Sie zeigten auf, wie Unternehmen Schnuppertage und Berufsorientierungsangebote so gestalten k\u00f6nnen, dass junge Menschen aktiv einbezogen werden und einen authentischen Eindruck vom Ausbildungsalltag erhalten.<\/p>\n<p><strong>Kommunikation auf Augenh\u00f6he<\/strong><\/p>\n<p>Eine Kommunikation auf Augenh\u00f6he, der gezielte Einsatz von Gamification und Social Media sowie praxisnahe Einblicke in den Arbeitsalltag k\u00f6nnen dabei wichtige Bausteine sein, um die Jugendlichen zu erreichen. Anhand konkreter Beispiele stellten die Referentinnen Ans\u00e4tze vor, die sich direkt in den Unternehmen umsetzen lassen. Ziel ist es, das Interesse an Ausbildung und dualem Studium zu wecken und jungen Menschen eine realistische Vorstellung von der Arbeitswelt zu vermitteln.<\/p>\n<p>Auch die Bundesagentur f\u00fcr Arbeit war Teil der Veranstaltung. Die Unternehmen erhielten Informationen zu aktuellen F\u00f6rderma\u00dfnahmen im Bereich der Ausbildung und konnten hilfreiche Tipps zur Durchf\u00fchrung von Berufsorientierungspraktika f\u00fcr Sch\u00fclerinnen und Sch\u00fcler mitnehmen. .<\/p>\n<p><strong>Wichtiger Austausch und Netzwerk<\/strong><\/p>\n<p>Ein weiterer Schwerpunkt lag auf dem gemeinsamen Austausch. Die Vertreterinnen und Vertreter der Unternehmen berichteten von ihren eigenen Erfahrungen mit Berufsorientierungsangeboten und bereits durchgef\u00fchrten Schnuppertagen. Dabei wurden erfolgreiche Formate ebenso diskutiert wie Herausforderungen und Ideen, um die kommenden ElternDays f\u00fcr junge Menschen m\u00f6glichst interessant und praxisnah zu gestalten.<\/p>\n<p><strong>Diese Unternehmen \u00f6ffnen ihre T\u00fcren<\/strong><\/p>\n<p>An Hier geht\u2019s #weiter\/<span class=\"Apple-converted-space\">\u00a0\u00a0<\/span>ElternDays<span class=\"Apple-converted-space\">\u00a0<\/span>\u00a0beteiligen sich Unternehmen aus unterschiedlichen Branchen und Berufsfeldern. Mit dabei sind: ABB AG BUSCH-JAEGER Elektro GmbH, ERCO GmbH EV. JOHANNESWERK gGmbH, Wohnverbund M\u00e4rkischer Kreis, EV. JOHANNESWERK gGmbH Studjo, J\u00dcRGENS GmbH, KOSTAL Kontakt Systeme, WIR F\u00dcR L\u00dcDENSCHEID e.V. und zentrum.jugendhilfe \u2013 Hilfswerk f\u00fcr jugendliche Diabetiker gGmbH aus L\u00fcdenscheid. Aus Menden sind BEGA Gantenbrink-Leuchten KG und HME Copper Germany GmbH dabei, aus Neuenrade DRAHTWERK ELISENTAL W. Erdmann GmbH und aus Altena FR u. H. L\u00dcLING GmbH &amp; Co. KG. Aus Iserlohn sind dabei: KIRCHHOFF Witte GmbH, LOBBE Umweltservice GmbH &amp; Co KG, MEDICE Arzneimittel P\u00fctter GmbH &amp; Co. KG und SCHL\u00dcTER SYSTEMS KG Iserlohn. Auch OTTO FUCHS KG aus Meinerzhagen und WERNER TURCK GmbH &amp; Co KG aus Halver nehmen an Hier geht\u2019s #weiter \/ ElternDays teil.<\/p>\n<p>Weitere Informationen zu den Veranstaltungen und beteiligten Unternehmen erhalten Interessierte Familien unter\u00a0<a href=\"https:\/\/jobnavi-mk.de\/hiergehtsweiter\/\">https:\/\/jobnavi-mk.de\/hiergehtsweiter\/<\/a>\u00a0und bei der Kommunalen KoordinierungsstelleKAoA, Dagmar Schulz, Telefon 02351 966-6518. Anmeldungen sind ab sofort m\u00f6glich. Die Teilnehmeranzahl ist begrenzt.<span class=\"Apple-converted-space\">\u00a0<\/span><\/p>\n<p>&nbsp;<\/p>\n","protected":false},"excerpt":{"rendered":"<p>Auftaktveranstaltung f\u00fcr die teilnehmenden Unternehmen (pmk). Generation Z und Alpha  [&#8230;]<\/p>\n","protected":false},"author":3,"featured_media":27883,"comment_status":"closed","ping_status":"closed","sticky":false,"template":"","format":"standard","meta":{"footnotes":""},"categories":[11],"tags":[],"class_list":["post-27882","post","type-post","status-publish","format-standard","has-post-thumbnail","hentry","category-maerkischer-kreis"],"_links":{"self":[{"href":"https:\/\/www.mk-journal.de\/index.php\/wp-json\/wp\/v2\/posts\/27882","targetHints":{"allow":["GET"]}}],"collection":[{"href":"https:\/\/www.mk-journal.de\/index.php\/wp-json\/wp\/v2\/posts"}],"about":[{"href":"https:\/\/www.mk-journal.de\/index.php\/wp-json\/wp\/v2\/types\/post"}],"author":[{"embeddable":true,"href":"https:\/\/www.mk-journal.de\/index.php\/wp-json\/wp\/v2\/users\/3"}],"replies":[{"embeddable":true,"href":"https:\/\/www.mk-journal.de\/index.php\/wp-json\/wp\/v2\/comments?post=27882"}],"version-history":[{"count":1,"href":"https:\/\/www.mk-journal.de\/index.php\/wp-json\/wp\/v2\/posts\/27882\/revisions"}],"predecessor-version":[{"id":27884,"href":"https:\/\/www.mk-journal.de\/index.php\/wp-json\/wp\/v2\/posts\/27882\/revisions\/27884"}],"wp:featuredmedia":[{"embeddable":true,"href":"https:\/\/www.mk-journal.de\/index.php\/wp-json\/wp\/v2\/media\/27883"}],"wp:attachment":[{"href":"https:\/\/www.mk-journal.de\/index.php\/wp-json\/wp\/v2\/media?parent=27882"}],"wp:term":[{"taxonomy":"category","embeddable":true,"href":"https:\/\/www.mk-journal.de\/index.php\/wp-json\/wp\/v2\/categories?post=27882"},{"taxonomy":"post_tag","embeddable":true,"href":"https:\/\/www.mk-journal.de\/index.php\/wp-json\/wp\/v2\/tags?post=27882"}],"curies":[{"name":"wp","href":"https:\/\/api.w.org\/{rel}","templated":true}]}}