{"id":27891,"date":"2026-09-04T19:06:12","date_gmt":"2026-09-04T17:06:12","guid":{"rendered":"https:\/\/www.mk-journal.de\/?p=27891"},"modified":"2026-09-04T19:06:12","modified_gmt":"2026-09-04T17:06:12","slug":"brueckenfest-eroeffnung-fiel-ins-wasser","status":"publish","type":"post","link":"https:\/\/www.mk-journal.de\/index.php\/2026\/09\/04\/brueckenfest-eroeffnung-fiel-ins-wasser\/","title":{"rendered":"Br\u00fcckenfest-Er\u00f6ffnung fiel ins Wasser"},"content":{"rendered":"<p><strong>Von Hendrik Klein<\/strong><\/p>\n<p>Die Er\u00f6ffnung des Letmather Br\u00fcckenfestes ist ins Wasser gefallen. Kurz bevor Iserlohns B\u00fcrgermeister Michael Joithe und Letmathes Werbegemeinschaftsvorsitzende Paul Nowak das dreit\u00e4gige Fest auf der B\u00fchne des Woolworth-Parkplatzes er\u00f6ffnen wollten, \u00f6ffneten sich die Himmelsschleusen. Es regnete in einer Art und Weise, wie es das beliebte Fest der Letmatherinnen und Letmather noch nicht erlebt hatten.<\/p>\n<p>Die gut drei Dutzend Schaulustigen, die dennoch gekommen waren, nutzten jede \u00dcberdachung um sich vor den Wassermassen zu sch\u00fctzen. Da wurde der Platz unter den Vord\u00e4chern der Bierwagen eng. Immerhin lie\u00dfen es sich einige Ratsmitglieder nicht nehmen, dabei zu sein. An so eine verregnete Fest-Er\u00f6ffnung konnte sich keiner der Teilnehmer erinnern.<\/p>\n<p><strong>Mehr Wasser f\u00fcrs Entenrennen<\/strong><\/p>\n<p>Michael Joithe und Paul Nowak blieb keine andere Wahl, sie zogen die Notbremse. Nowak: \u201eEs ist zwar sch\u00f6n, dass wir jetzt f\u00fcr unser Entenrennen auf der Lenne noch etwas Wasser bekommen haben, aber der Fassanstich macht nun wirklich keinen Sinn.\u201c Das Freibier der Krombacher Brauerei blieb unangetastet, soll am Folgetag angezapft werden. Bemerkenswert, dass die gebuchten Musikgruppen ihr Programm trotzdem durchgezogen haben.<\/p>\n<p><strong>Fassanstich am Samstag<\/strong><\/p>\n<p>Die offizielle Er\u00f6ffnung solle am Folgetag, Samstag, um 17:00 Uhr, nachgeholt werden \u2013 k\u00fcndigten der B\u00fcrgermeister und der Werbegemeinschaftsvorsitzende an. Beide hoffen dann auf mehr Verst\u00e4ndnis beim Wettergott. Iserlohns B\u00fcrgermeister machte sich direkt auf den Weg nach Menden. Dort wurde das 750-j\u00e4hrige Jubil\u00e4um gefeiert.<\/p>\n<p><strong>\u00a0<\/strong><\/p>\n","protected":false},"excerpt":{"rendered":"<p>Von Hendrik Klein Die Er\u00f6ffnung des Letmather Br\u00fcckenfestes ist ins  [&#8230;]<\/p>\n","protected":false},"author":3,"featured_media":27892,"comment_status":"closed","ping_status":"closed","sticky":false,"template":"","format":"standard","meta":{"footnotes":""},"categories":[7],"tags":[],"class_list":["post-27891","post","type-post","status-publish","format-standard","has-post-thumbnail","hentry","category-dies-und-das"],"_links":{"self":[{"href":"https:\/\/www.mk-journal.de\/index.php\/wp-json\/wp\/v2\/posts\/27891","targetHints":{"allow":["GET"]}}],"collection":[{"href":"https:\/\/www.mk-journal.de\/index.php\/wp-json\/wp\/v2\/posts"}],"about":[{"href":"https:\/\/www.mk-journal.de\/index.php\/wp-json\/wp\/v2\/types\/post"}],"author":[{"embeddable":true,"href":"https:\/\/www.mk-journal.de\/index.php\/wp-json\/wp\/v2\/users\/3"}],"replies":[{"embeddable":true,"href":"https:\/\/www.mk-journal.de\/index.php\/wp-json\/wp\/v2\/comments?post=27891"}],"version-history":[{"count":1,"href":"https:\/\/www.mk-journal.de\/index.php\/wp-json\/wp\/v2\/posts\/27891\/revisions"}],"predecessor-version":[{"id":27893,"href":"https:\/\/www.mk-journal.de\/index.php\/wp-json\/wp\/v2\/posts\/27891\/revisions\/27893"}],"wp:featuredmedia":[{"embeddable":true,"href":"https:\/\/www.mk-journal.de\/index.php\/wp-json\/wp\/v2\/media\/27892"}],"wp:attachment":[{"href":"https:\/\/www.mk-journal.de\/index.php\/wp-json\/wp\/v2\/media?parent=27891"}],"wp:term":[{"taxonomy":"category","embeddable":true,"href":"https:\/\/www.mk-journal.de\/index.php\/wp-json\/wp\/v2\/categories?post=27891"},{"taxonomy":"post_tag","embeddable":true,"href":"https:\/\/www.mk-journal.de\/index.php\/wp-json\/wp\/v2\/tags?post=27891"}],"curies":[{"name":"wp","href":"https:\/\/api.w.org\/{rel}","templated":true}]}}